{"id":1792,"date":"2015-09-28T12:08:49","date_gmt":"2015-09-28T10:08:49","guid":{"rendered":"http:\/\/slo4.edu.pl\/?p=1792"},"modified":"2015-11-06T15:40:36","modified_gmt":"2015-11-06T14:40:36","slug":"swieto-szkoly-2","status":"publish","type":"post","link":"https:\/\/www.batalionparasol.pl\/slo4\/swieto-szkoly-2\/","title":{"rendered":"\u015awi\u0119to Szko\u0142y."},"content":{"rendered":"<p>28 wrze\u015bnia 2015 r.\u00a0 z okazji \u015awi\u0119ta Szko\u0142y nasza m\u0142odzie\u017c odwiedzi\u0142a 16 miejsc pami\u0119ci, zwi\u0105zanych z patronem, Batalionem &#8222;Parasol&#8221;, z\u0142o\u017cy\u0142a kwiaty, zapali\u0142a znicze. O godz. 13.00 klasy pierwsze z\u0142o\u017cy\u0142y \u015blubowanie na sztandar Szko\u0142y w obecno\u015bci zaproszonych go\u015bci &#8211; \u017bo\u0142nierzy Batalionu i ca\u0142ej spo\u0142eczno\u015bci szkolnej.<\/p>\n<p>\u00a0<a href=\"http:\/\/batalionparasol.pl\/slo4\/wp-content\/uploads\/2015\/11\/P1280139.jpg\"><img decoding=\"async\" loading=\"lazy\" class=\"alignleft size-medium wp-image-1859\" src=\"http:\/\/batalionparasol.pl\/slo4\/wp-content\/uploads\/2015\/11\/P1280139-300x225.jpg\" alt=\"OLYMPUS DIGITAL CAMERA\" width=\"300\" height=\"225\" srcset=\"https:\/\/www.batalionparasol.pl\/slo4\/wp-content\/uploads\/2015\/11\/P1280139-300x225.jpg 300w, https:\/\/www.batalionparasol.pl\/slo4\/wp-content\/uploads\/2015\/11\/P1280139-768x576.jpg 768w, https:\/\/www.batalionparasol.pl\/slo4\/wp-content\/uploads\/2015\/11\/P1280139-400x300.jpg 400w, https:\/\/www.batalionparasol.pl\/slo4\/wp-content\/uploads\/2015\/11\/P1280139.jpg 800w\" sizes=\"(max-width: 300px) 100vw, 300px\" \/><\/a><a href=\"http:\/\/batalionparasol.pl\/slo4\/wp-content\/uploads\/2015\/11\/P1280158.jpg\"><img decoding=\"async\" loading=\"lazy\" class=\"alignleft size-medium wp-image-1861\" src=\"http:\/\/batalionparasol.pl\/slo4\/wp-content\/uploads\/2015\/11\/P1280158-300x225.jpg\" alt=\"OLYMPUS DIGITAL CAMERA\" width=\"300\" height=\"225\" srcset=\"https:\/\/www.batalionparasol.pl\/slo4\/wp-content\/uploads\/2015\/11\/P1280158-300x225.jpg 300w, https:\/\/www.batalionparasol.pl\/slo4\/wp-content\/uploads\/2015\/11\/P1280158-768x576.jpg 768w, https:\/\/www.batalionparasol.pl\/slo4\/wp-content\/uploads\/2015\/11\/P1280158-400x300.jpg 400w, https:\/\/www.batalionparasol.pl\/slo4\/wp-content\/uploads\/2015\/11\/P1280158.jpg 800w\" sizes=\"(max-width: 300px) 100vw, 300px\" \/><\/a><\/p>\n","protected":false},"excerpt":{"rendered":"<p>28 wrze\u015bnia 2015 r.\u00a0 z okazji \u015awi\u0119ta Szko\u0142y nasza m\u0142odzie\u017c odwiedzi\u0142a 16 miejsc pami\u0119ci, zwi\u0105zanych z patronem, Batalionem &#8222;Parasol&#8221;, z\u0142o\u017cy\u0142a kwiaty, zapali\u0142a znicze. O godz. 13.00 klasy pierwsze z\u0142o\u017cy\u0142y \u015blubowanie na sztandar Szko\u0142y w obecno\u015bci zaproszonych go\u015bci &#8211; \u017bo\u0142nierzy Batalionu i ca\u0142ej spo\u0142eczno\u015bci szkolnej. \u00a0<\/p>\n","protected":false},"author":1,"featured_media":0,"comment_status":"closed","ping_status":"open","sticky":false,"template":"","format":"standard","meta":[],"categories":[3],"tags":[],"_links":{"self":[{"href":"https:\/\/www.batalionparasol.pl\/slo4\/wp-json\/wp\/v2\/posts\/1792"}],"collection":[{"href":"https:\/\/www.batalionparasol.pl\/slo4\/wp-json\/wp\/v2\/posts"}],"about":[{"href":"https:\/\/www.batalionparasol.pl\/slo4\/wp-json\/wp\/v2\/types\/post"}],"author":[{"embeddable":true,"href":"https:\/\/www.batalionparasol.pl\/slo4\/wp-json\/wp\/v2\/users\/1"}],"replies":[{"embeddable":true,"href":"https:\/\/www.batalionparasol.pl\/slo4\/wp-json\/wp\/v2\/comments?post=1792"}],"version-history":[{"count":5,"href":"https:\/\/www.batalionparasol.pl\/slo4\/wp-json\/wp\/v2\/posts\/1792\/revisions"}],"predecessor-version":[{"id":1864,"href":"https:\/\/www.batalionparasol.pl\/slo4\/wp-json\/wp\/v2\/posts\/1792\/revisions\/1864"}],"wp:attachment":[{"href":"https:\/\/www.batalionparasol.pl\/slo4\/wp-json\/wp\/v2\/media?parent=1792"}],"wp:term":[{"taxonomy":"category","embeddable":true,"href":"https:\/\/www.batalionparasol.pl\/slo4\/wp-json\/wp\/v2\/categories?post=1792"},{"taxonomy":"post_tag","embeddable":true,"href":"https:\/\/www.batalionparasol.pl\/slo4\/wp-json\/wp\/v2\/tags?post=1792"}],"curies":[{"name":"wp","href":"https:\/\/api.w.org\/{rel}","templated":true}]}}