{"id":1809,"date":"2015-10-16T10:33:29","date_gmt":"2015-10-16T08:33:29","guid":{"rendered":"http:\/\/slo4.edu.pl\/?p=1809"},"modified":"2015-11-16T09:36:22","modified_gmt":"2015-11-16T08:36:22","slug":"miejsce-pamieci","status":"publish","type":"post","link":"https:\/\/www.batalionparasol.pl\/slo4\/miejsce-pamieci\/","title":{"rendered":"Miejsce pami\u0119ci."},"content":{"rendered":"<p>W dniu \u015awi\u0119ta Szko\u0142y klasa 3C gimnazjum uda\u0142a si\u0119 pod Pa\u0142ac Blanka, naprzeciwko Opery Narodowej, by z\u0142o\u017cy\u0107 kwiaty i zapali\u0107 znicze pod tablic\u0105 po\u015bwi\u0119con\u0105 Krzysztofowi Kamilowi Baczy\u0144skiemu. Zosta\u0142y tam odczytane niekt\u00f3re z pi\u0119knych wiersze poety, m.in. \u201eBajka\u201d, \u201ePoca\u0142unek\u201d i \u201eMy\u201d. Stoj\u0105c w tym miejscu, na pograniczu nowej, t\u0119tni\u0105cej \u017cyciem i starej, pi\u0119knej Warszawy trudno sobie wyobrazi\u0107, \u017ce we wcale nie tak odleg\u0142ej przesz\u0142o\u015bci nie by\u0142o tu nic opr\u00f3cz gruz\u00f3w i zgliszczy. Znicz zapalili\u015bmy r\u00f3wnie\u017c pod tablic\u0105 upami\u0119tniaj\u0105c\u0105 miejsce pierwotnego poch\u00f3wku Baczy\u0144skiego (na ty\u0142ach odbudowanego Pa\u0142acu Jab\u0142onowskich, dawnego Ratusza Miejskiego). Nasz\u0105 wycieczk\u0119, po\u015bwi\u0119con\u0105 odwiedzeniu miejsca pami\u0119ci zako\u0144czyli\u015bmy kr\u00f3tkim spacerem na Plac Zamkowy.<br \/>Adam Bac, kl. 3C<\/p>\n<p>&nbsp;<\/p>\n<p><a href=\"http:\/\/batalionparasol.pl\/slo4\/wp-content\/uploads\/2015\/11\/P1280118.jpg\"><img decoding=\"async\" loading=\"lazy\" class=\"alignleft  wp-image-1878\" src=\"http:\/\/batalionparasol.pl\/slo4\/wp-content\/uploads\/2015\/11\/P1280118-300x225.jpg\" alt=\"OLYMPUS DIGITAL CAMERA\" width=\"283\" height=\"212\" srcset=\"https:\/\/www.batalionparasol.pl\/slo4\/wp-content\/uploads\/2015\/11\/P1280118-300x225.jpg 300w, https:\/\/www.batalionparasol.pl\/slo4\/wp-content\/uploads\/2015\/11\/P1280118-768x576.jpg 768w, https:\/\/www.batalionparasol.pl\/slo4\/wp-content\/uploads\/2015\/11\/P1280118-400x300.jpg 400w, https:\/\/www.batalionparasol.pl\/slo4\/wp-content\/uploads\/2015\/11\/P1280118.jpg 800w\" sizes=\"(max-width: 283px) 100vw, 283px\" \/><\/a><\/p>\n<p><a href=\"http:\/\/batalionparasol.pl\/slo4\/wp-content\/uploads\/2015\/11\/P1280113.jpg\"><img decoding=\"async\" loading=\"lazy\" class=\"alignleft  wp-image-1877\" src=\"http:\/\/batalionparasol.pl\/slo4\/wp-content\/uploads\/2015\/11\/P1280113-225x300.jpg\" alt=\"OLYMPUS DIGITAL CAMERA\" width=\"238\" height=\"317\" srcset=\"https:\/\/www.batalionparasol.pl\/slo4\/wp-content\/uploads\/2015\/11\/P1280113-225x300.jpg 225w, https:\/\/www.batalionparasol.pl\/slo4\/wp-content\/uploads\/2015\/11\/P1280113.jpg 600w\" sizes=\"(max-width: 238px) 100vw, 238px\" \/><\/a><\/p>\n<p>&nbsp;<\/p>\n<p>&nbsp;<\/p>\n<p>&nbsp;<\/p>\n<p>&nbsp;<\/p>\n<p>&nbsp;<\/p>\n<p>&nbsp;<\/p>\n<p>&nbsp;<\/p>\n<p>&nbsp;<\/p>\n<p><a href=\"http:\/\/batalionparasol.pl\/slo4\/wp-content\/uploads\/2015\/11\/P12801391.jpg\"><img decoding=\"async\" loading=\"lazy\" class=\"alignleft  wp-image-1876\" src=\"http:\/\/batalionparasol.pl\/slo4\/wp-content\/uploads\/2015\/11\/P12801391-300x225.jpg\" alt=\"OLYMPUS DIGITAL CAMERA\" width=\"267\" height=\"200\" srcset=\"https:\/\/www.batalionparasol.pl\/slo4\/wp-content\/uploads\/2015\/11\/P12801391-300x225.jpg 300w, https:\/\/www.batalionparasol.pl\/slo4\/wp-content\/uploads\/2015\/11\/P12801391-768x576.jpg 768w, https:\/\/www.batalionparasol.pl\/slo4\/wp-content\/uploads\/2015\/11\/P12801391-400x300.jpg 400w, https:\/\/www.batalionparasol.pl\/slo4\/wp-content\/uploads\/2015\/11\/P12801391.jpg 800w\" sizes=\"(max-width: 267px) 100vw, 267px\" \/><\/a><\/p>\n<p>&nbsp;<\/p>\n<p>&nbsp;<\/p>\n<p>&nbsp;<\/p>\n<p>&nbsp;<\/p>\n<p>&nbsp;<\/p>\n<p>&nbsp;<\/p>\n<p>&nbsp;<\/p>\n<p>&nbsp;<\/p>\n<p>&nbsp;<\/p>\n<p>&nbsp;<\/p>\n<p>Dnia 28 wrze\u015bnia 2015 r. klasa 2B gimnazjum wraz z Pani\u0105 Profesor Mari\u0105 Budzik odby\u0142a wycieczk\u0119 do kamienia upami\u0119tniaj\u0105cego zamach na Franza Kutscher\u0119. Na miejscu pami\u0119ci zapalili\u015bmy znicze, z\u0142o\u017cyli\u015bmy kwiaty i zostawili\u015bmy symbol \u2013 tarcz\u0119 naszej Szko\u0142y. Dwie uczennice naszej klasy opowiedzia\u0142y o wydarzeniach, kt\u00f3re przypomina tablica pami\u0105tkowa.<\/p>\n<p><a href=\"http:\/\/batalionparasol.pl\/slo4\/wp-content\/uploads\/2015\/10\/image001.jpg\"><img decoding=\"async\" loading=\"lazy\" class=\"alignleft size-medium wp-image-1811\" src=\"http:\/\/batalionparasol.pl\/slo4\/wp-content\/uploads\/2015\/10\/image001-300x199.jpg\" alt=\"image001\" width=\"300\" height=\"199\" \/><\/a><\/p>\n<p>&nbsp;<\/p>\n<p>&nbsp;<\/p>\n<p>&nbsp;<\/p>\n<p>&nbsp;<\/p>\n<p>&nbsp;<\/p>\n<p>&nbsp;<\/p>\n<p>&nbsp;<\/p>\n<p>&nbsp;<\/p>\n<p>&nbsp;<\/p>\n<p>&nbsp;<\/p>\n<p>&nbsp;<\/p>\n<p>&nbsp;<\/p>\n<p>&nbsp;<\/p>\n<p>&nbsp;<\/p>\n","protected":false},"excerpt":{"rendered":"<p>W dniu \u015awi\u0119ta Szko\u0142y klasa 3C gimnazjum uda\u0142a si\u0119 pod Pa\u0142ac Blanka, naprzeciwko Opery Narodowej, by z\u0142o\u017cy\u0107 kwiaty i zapali\u0107 znicze pod tablic\u0105 po\u015bwi\u0119con\u0105 Krzysztofowi Kamilowi Baczy\u0144skiemu. Zosta\u0142y tam odczytane niekt\u00f3re z pi\u0119knych wiersze poety, m.in. \u201eBajka\u201d, \u201ePoca\u0142unek\u201d i \u201eMy\u201d. Stoj\u0105c w tym miejscu, na pograniczu nowej, t\u0119tni\u0105cej \u017cyciem i <a href=\"https:\/\/www.batalionparasol.pl\/slo4\/miejsce-pamieci\/\" class=\"read-more\">(czytaj wi\u0119cej &#8230;)<\/a><\/p>\n","protected":false},"author":1,"featured_media":1878,"comment_status":"closed","ping_status":"open","sticky":false,"template":"","format":"standard","meta":[],"categories":[3],"tags":[],"_links":{"self":[{"href":"https:\/\/www.batalionparasol.pl\/slo4\/wp-json\/wp\/v2\/posts\/1809"}],"collection":[{"href":"https:\/\/www.batalionparasol.pl\/slo4\/wp-json\/wp\/v2\/posts"}],"about":[{"href":"https:\/\/www.batalionparasol.pl\/slo4\/wp-json\/wp\/v2\/types\/post"}],"author":[{"embeddable":true,"href":"https:\/\/www.batalionparasol.pl\/slo4\/wp-json\/wp\/v2\/users\/1"}],"replies":[{"embeddable":true,"href":"https:\/\/www.batalionparasol.pl\/slo4\/wp-json\/wp\/v2\/comments?post=1809"}],"version-history":[{"count":4,"href":"https:\/\/www.batalionparasol.pl\/slo4\/wp-json\/wp\/v2\/posts\/1809\/revisions"}],"predecessor-version":[{"id":1880,"href":"https:\/\/www.batalionparasol.pl\/slo4\/wp-json\/wp\/v2\/posts\/1809\/revisions\/1880"}],"wp:featuredmedia":[{"embeddable":true,"href":"https:\/\/www.batalionparasol.pl\/slo4\/wp-json\/wp\/v2\/media\/1878"}],"wp:attachment":[{"href":"https:\/\/www.batalionparasol.pl\/slo4\/wp-json\/wp\/v2\/media?parent=1809"}],"wp:term":[{"taxonomy":"category","embeddable":true,"href":"https:\/\/www.batalionparasol.pl\/slo4\/wp-json\/wp\/v2\/categories?post=1809"},{"taxonomy":"post_tag","embeddable":true,"href":"https:\/\/www.batalionparasol.pl\/slo4\/wp-json\/wp\/v2\/tags?post=1809"}],"curies":[{"name":"wp","href":"https:\/\/api.w.org\/{rel}","templated":true}]}}