{"id":1869,"date":"2015-11-13T15:43:36","date_gmt":"2015-11-13T14:43:36","guid":{"rendered":"http:\/\/slo4.edu.pl\/?p=1869"},"modified":"2015-11-18T09:43:03","modified_gmt":"2015-11-18T08:43:03","slug":"general-gryf-odznaczony","status":"publish","type":"post","link":"https:\/\/www.batalionparasol.pl\/slo4\/general-gryf-odznaczony\/","title":{"rendered":"Genera\u0142 &#8222;Gryf&#8221; z Batalionu &#8222;Parasol&#8221; odznaczony !"},"content":{"rendered":"<p>Szanowny Pan <br \/>gen. bryg. w st. sp. Janusz Brochwicz &#8211; Lewi\u0144ski<br \/>ps. \u201eGryf\u201d<\/p>\n<p>Czcigodny Panie Generale !<br \/>Z wielk\u0105 rado\u015bci\u0105 i dum\u0105 przyj\u0119li\u015bmy wiadomo\u015b\u0107 o odznaczeniu Pana przez Prezydenta Rzeczpospolitej Polskiej Krzy\u017cem Wielkim Orderu Odrodzenia Polski, kt\u00f3rym Rzeczpospolita nagradza swoich najlepszych \u017co\u0142nierzy i obro\u0144c\u00f3w.Rado\u015b\u0107 budzi fakt, \u017ce m\u0119stwo i ofiara Pana Genera\u0142a po tylu latach zosta\u0142y nale\u017cycie docenione. Dumni jeste\u015bmy , \u017ce Kawaler <br \/>tego Orderu jest jednocze\u015bnie patronem i przyjacielem naszej Szko\u0142y. <br \/>To dla nas wielki zaszczyt.<br \/>\u0141\u0105czymy wyrazy najwy\u017cszego szacunku i \u017cyczenia zdrowia <br \/>oraz wszelkiej pomy\u015blno\u015bci.<\/p>\n<p>Dyrekcja, nauczyciele, uczniowie i pracownicy Spo\u0142ecznego Liceum Og\u00f3lnokszta\u0142c\u0105cego nr 4 <br \/>im. Batalionu AK \u201eParasol\u201d i Gimnazjum <br \/>w Warszawie.<\/p>\n<p><a href=\"http:\/\/batalionparasol.pl\/slo4\/wp-content\/uploads\/2015\/11\/Gryf-u-nas-069.jpg\"><img decoding=\"async\" loading=\"lazy\" class=\"alignleft size-medium wp-image-1868\" src=\"http:\/\/batalionparasol.pl\/slo4\/wp-content\/uploads\/2015\/11\/Gryf-u-nas-069-224x300.jpg\" alt=\"Gryf u nas 069\" width=\"224\" height=\"300\" \/><\/a> <a href=\"http:\/\/batalionparasol.pl\/slo4\/wp-content\/uploads\/2015\/11\/Gryf-u-nas-038.jpg\"><img decoding=\"async\" loading=\"lazy\" class=\"alignleft  wp-image-1867\" src=\"http:\/\/batalionparasol.pl\/slo4\/wp-content\/uploads\/2015\/11\/Gryf-u-nas-038-300x224.jpg\" alt=\"Gryf u nas 038\" width=\"373\" height=\"278\" \/><\/a><\/p>\n","protected":false},"excerpt":{"rendered":"<p>Szanowny Pan gen. bryg. w st. sp. Janusz Brochwicz &#8211; Lewi\u0144skips. \u201eGryf\u201d Czcigodny Panie Generale !Z wielk\u0105 rado\u015bci\u0105 i dum\u0105 przyj\u0119li\u015bmy wiadomo\u015b\u0107 o odznaczeniu Pana przez Prezydenta Rzeczpospolitej Polskiej Krzy\u017cem Wielkim Orderu Odrodzenia Polski, kt\u00f3rym Rzeczpospolita nagradza swoich najlepszych \u017co\u0142nierzy i obro\u0144c\u00f3w.Rado\u015b\u0107 budzi fakt, \u017ce m\u0119stwo i ofiara Pana Genera\u0142a <a href=\"https:\/\/www.batalionparasol.pl\/slo4\/general-gryf-odznaczony\/\" class=\"read-more\">(czytaj wi\u0119cej &#8230;)<\/a><\/p>\n","protected":false},"author":1,"featured_media":1866,"comment_status":"closed","ping_status":"open","sticky":false,"template":"","format":"standard","meta":[],"categories":[3],"tags":[],"_links":{"self":[{"href":"https:\/\/www.batalionparasol.pl\/slo4\/wp-json\/wp\/v2\/posts\/1869"}],"collection":[{"href":"https:\/\/www.batalionparasol.pl\/slo4\/wp-json\/wp\/v2\/posts"}],"about":[{"href":"https:\/\/www.batalionparasol.pl\/slo4\/wp-json\/wp\/v2\/types\/post"}],"author":[{"embeddable":true,"href":"https:\/\/www.batalionparasol.pl\/slo4\/wp-json\/wp\/v2\/users\/1"}],"replies":[{"embeddable":true,"href":"https:\/\/www.batalionparasol.pl\/slo4\/wp-json\/wp\/v2\/comments?post=1869"}],"version-history":[{"count":5,"href":"https:\/\/www.batalionparasol.pl\/slo4\/wp-json\/wp\/v2\/posts\/1869\/revisions"}],"predecessor-version":[{"id":1884,"href":"https:\/\/www.batalionparasol.pl\/slo4\/wp-json\/wp\/v2\/posts\/1869\/revisions\/1884"}],"wp:featuredmedia":[{"embeddable":true,"href":"https:\/\/www.batalionparasol.pl\/slo4\/wp-json\/wp\/v2\/media\/1866"}],"wp:attachment":[{"href":"https:\/\/www.batalionparasol.pl\/slo4\/wp-json\/wp\/v2\/media?parent=1869"}],"wp:term":[{"taxonomy":"category","embeddable":true,"href":"https:\/\/www.batalionparasol.pl\/slo4\/wp-json\/wp\/v2\/categories?post=1869"},{"taxonomy":"post_tag","embeddable":true,"href":"https:\/\/www.batalionparasol.pl\/slo4\/wp-json\/wp\/v2\/tags?post=1869"}],"curies":[{"name":"wp","href":"https:\/\/api.w.org\/{rel}","templated":true}]}}