{"id":1923,"date":"2015-11-27T16:01:16","date_gmt":"2015-11-27T15:01:16","guid":{"rendered":"http:\/\/slo4.edu.pl\/?p=1923"},"modified":"2015-11-27T16:01:16","modified_gmt":"2015-11-27T15:01:16","slug":"stypendium-prezesa-rady-ministrow-3","status":"publish","type":"post","link":"https:\/\/www.batalionparasol.pl\/slo4\/stypendium-prezesa-rady-ministrow-3\/","title":{"rendered":"Stypendium Prezesa Rady Ministr\u00f3w."},"content":{"rendered":"<p>Piotr Pszcz\u00f3\u0142kowski,\u00a0 kl. II a liceum, otrzyma\u0142 stypendium Prezesa Rady Ministr\u00f3w. Serdecznie gratulujemy ! Poni\u017cej skan dyplomu i fotki z uroczysto\u015bci wr\u0119czenia dyplom\u00f3w.<\/p>\n<p><a href=\"http:\/\/batalionparasol.pl\/slo4\/wp-content\/uploads\/2015\/11\/IMG_00012.jpg\"><img decoding=\"async\" loading=\"lazy\" class=\"alignleft  wp-image-1914\" src=\"http:\/\/batalionparasol.pl\/slo4\/wp-content\/uploads\/2015\/11\/IMG_00012-218x300.jpg\" alt=\"IMG_0001\" width=\"183\" height=\"252\" srcset=\"https:\/\/www.batalionparasol.pl\/slo4\/wp-content\/uploads\/2015\/11\/IMG_00012-218x300.jpg 218w, https:\/\/www.batalionparasol.pl\/slo4\/wp-content\/uploads\/2015\/11\/IMG_00012-768x1054.jpg 768w, https:\/\/www.batalionparasol.pl\/slo4\/wp-content\/uploads\/2015\/11\/IMG_00012-746x1024.jpg 746w\" sizes=\"(max-width: 183px) 100vw, 183px\" \/><\/a> <a href=\"http:\/\/batalionparasol.pl\/slo4\/wp-content\/uploads\/2015\/11\/P1060540.jpg\"><img decoding=\"async\" loading=\"lazy\" class=\"alignleft  wp-image-1897\" src=\"http:\/\/batalionparasol.pl\/slo4\/wp-content\/uploads\/2015\/11\/P1060540-300x244.jpg\" alt=\"P1060540\" width=\"268\" height=\"218\" srcset=\"https:\/\/www.batalionparasol.pl\/slo4\/wp-content\/uploads\/2015\/11\/P1060540-300x244.jpg 300w, https:\/\/www.batalionparasol.pl\/slo4\/wp-content\/uploads\/2015\/11\/P1060540-768x625.jpg 768w, https:\/\/www.batalionparasol.pl\/slo4\/wp-content\/uploads\/2015\/11\/P1060540-1024x833.jpg 1024w, https:\/\/www.batalionparasol.pl\/slo4\/wp-content\/uploads\/2015\/11\/P1060540-369x300.jpg 369w\" sizes=\"(max-width: 268px) 100vw, 268px\" \/><\/a> <a href=\"http:\/\/batalionparasol.pl\/slo4\/wp-content\/uploads\/2015\/11\/P1060536.jpg\"><img decoding=\"async\" loading=\"lazy\" class=\"alignleft  wp-image-1896\" src=\"http:\/\/batalionparasol.pl\/slo4\/wp-content\/uploads\/2015\/11\/P1060536-119x300.jpg\" alt=\"P1060536\" width=\"109\" height=\"275\" \/><\/a><\/p>\n","protected":false},"excerpt":{"rendered":"<p>Piotr Pszcz\u00f3\u0142kowski,\u00a0 kl. II a liceum, otrzyma\u0142 stypendium Prezesa Rady Ministr\u00f3w. Serdecznie gratulujemy ! Poni\u017cej skan dyplomu i fotki z uroczysto\u015bci wr\u0119czenia dyplom\u00f3w.<\/p>\n","protected":false},"author":1,"featured_media":1896,"comment_status":"closed","ping_status":"open","sticky":false,"template":"","format":"standard","meta":[],"categories":[3],"tags":[],"_links":{"self":[{"href":"https:\/\/www.batalionparasol.pl\/slo4\/wp-json\/wp\/v2\/posts\/1923"}],"collection":[{"href":"https:\/\/www.batalionparasol.pl\/slo4\/wp-json\/wp\/v2\/posts"}],"about":[{"href":"https:\/\/www.batalionparasol.pl\/slo4\/wp-json\/wp\/v2\/types\/post"}],"author":[{"embeddable":true,"href":"https:\/\/www.batalionparasol.pl\/slo4\/wp-json\/wp\/v2\/users\/1"}],"replies":[{"embeddable":true,"href":"https:\/\/www.batalionparasol.pl\/slo4\/wp-json\/wp\/v2\/comments?post=1923"}],"version-history":[{"count":1,"href":"https:\/\/www.batalionparasol.pl\/slo4\/wp-json\/wp\/v2\/posts\/1923\/revisions"}],"predecessor-version":[{"id":1924,"href":"https:\/\/www.batalionparasol.pl\/slo4\/wp-json\/wp\/v2\/posts\/1923\/revisions\/1924"}],"wp:featuredmedia":[{"embeddable":true,"href":"https:\/\/www.batalionparasol.pl\/slo4\/wp-json\/wp\/v2\/media\/1896"}],"wp:attachment":[{"href":"https:\/\/www.batalionparasol.pl\/slo4\/wp-json\/wp\/v2\/media?parent=1923"}],"wp:term":[{"taxonomy":"category","embeddable":true,"href":"https:\/\/www.batalionparasol.pl\/slo4\/wp-json\/wp\/v2\/categories?post=1923"},{"taxonomy":"post_tag","embeddable":true,"href":"https:\/\/www.batalionparasol.pl\/slo4\/wp-json\/wp\/v2\/tags?post=1923"}],"curies":[{"name":"wp","href":"https:\/\/api.w.org\/{rel}","templated":true}]}}