{"id":1974,"date":"2016-02-09T15:32:18","date_gmt":"2016-02-09T14:32:18","guid":{"rendered":"http:\/\/slo4.edu.pl\/?p=1974"},"modified":"2016-03-15T00:31:41","modified_gmt":"2016-03-14T23:31:41","slug":"zmarla-matka-chrzestna-naszego-sztandaru","status":"publish","type":"post","link":"https:\/\/www.batalionparasol.pl\/slo4\/zmarla-matka-chrzestna-naszego-sztandaru\/","title":{"rendered":"Zmar\u0142a matka chrzestna naszego sztandaru"},"content":{"rendered":"<p>Z wielkim smutkiem przyj\u0119li\u015bmy wiadomo\u015b\u0107 o \u015bmierci \u201eKamy\u201d \u2013 Marii Stypu\u0142kowskiej \u2013 Chojeckiej, pedagoga, pasjonatki historii i popularyzatorki wiedzy historycznej, kapitana Wojska Polskiego, wielokrotnie odznaczanej za dzia\u0142alno\u015b\u0107 konspiracyjn\u0105 w okresie II wojny \u015bwiatowej i udzia\u0142 w Powstaniu Warszawskim.<\/p>\n<p><!--more--><\/p>\n<p>Niezwyk\u0142y \u015bwiadek przesz\u0142o\u015bci \u2013 harcerka, \u017co\u0142nierz elitarnego batalionu AK \u201eParasol\u201d, uczestniczka akcji dywersyjnych, w tym s\u0142ynnej, brawurowo przeprowadzonej akcji na kata Warszawy \u2013 Kutscher\u0119, w kt\u00f3rej druhna \u201eKama\u201d pe\u0142ni\u0142a funkcj\u0119 zwiadowcy.<\/p>\n<figure id=\"attachment_1975\" aria-describedby=\"caption-attachment-1975\" style=\"width: 300px\" class=\"wp-caption alignleft\"><a href=\"http:\/\/batalionparasol.pl\/slo4\/wp-content\/uploads\/2016\/02\/Kama-wigilia-2015.jpg\"><img decoding=\"async\" loading=\"lazy\" class=\"wp-image-1975 size-medium\" src=\"http:\/\/batalionparasol.pl\/slo4\/wp-content\/uploads\/2016\/02\/Kama-wigilia-2015-300x198.jpg\" alt=\"\u201eKama\u201d na szkolnej Wigilii 22 grudnia 2015 r. w towarzystwie nauczycielki j. angielskiego prof. Anny St\u0119pie\u0144 (fot. Tomasz Troszczy\u0144ski)\" width=\"300\" height=\"198\" srcset=\"https:\/\/www.batalionparasol.pl\/slo4\/wp-content\/uploads\/2016\/02\/Kama-wigilia-2015-300x198.jpg 300w, https:\/\/www.batalionparasol.pl\/slo4\/wp-content\/uploads\/2016\/02\/Kama-wigilia-2015-768x508.jpg 768w, https:\/\/www.batalionparasol.pl\/slo4\/wp-content\/uploads\/2016\/02\/Kama-wigilia-2015-1024x677.jpg 1024w, https:\/\/www.batalionparasol.pl\/slo4\/wp-content\/uploads\/2016\/02\/Kama-wigilia-2015-454x300.jpg 454w, https:\/\/www.batalionparasol.pl\/slo4\/wp-content\/uploads\/2016\/02\/Kama-wigilia-2015.jpg 1743w\" sizes=\"(max-width: 300px) 100vw, 300px\" \/><\/a><figcaption id=\"caption-attachment-1975\" class=\"wp-caption-text\">\u201eKama\u201d na szkolnej Wigilii 22 grudnia 2015 r. w towarzystwie nauczycielki j. angielskiego prof. Anny St\u0119pie\u0144 (fot. Tomasz Troszczy\u0144ski)<\/figcaption><\/figure>\n<p>Odesz\u0142a przedstawicielka Kolumb\u00f3w \u2013 pokolenia \u2013 legendy, pierwszego po stuletniej niewoli urodzonego i wychowanego w niepodleg\u0142o\u015bci i dla niepodleg\u0142o\u015bci.<\/p>\n<p>Dla nas, ca\u0142ej spo\u0142eczno\u015bci szko\u0142y imienia Batalionu AK \u201eParasol\u201d Pani \u201eKama\u201d jest postaci\u0105 szczeg\u00f3lnie wa\u017cn\u0105 i blisk\u0105. To, mi\u0119dzy innymi, dzi\u0119ki niej ma\u0142a ursynowska szko\u0142a z Hawajskiej mog\u0142a stan\u0105\u0107 wobec wiarygodnego \u015bwiadectwa przesz\u0142o\u015bci, danego przez jej bohater\u00f3w.<\/p>\n<p>Wielk\u0105 warto\u015b\u0107 mia\u0142y dla nas historie wojenne, opowiadane przez druhn\u0119 \u201eKam\u0119\u201d silnym g\u0142osem, pi\u0119kn\u0105 \u201eprzedwojenn\u0105\u201d polszczyzn\u0105, pe\u0142ne wzruszaj\u0105cych, dramatycznych epizod\u00f3w i jednocze\u015bnie zabawnych anegdot.<\/p>\n<p>Na spotkaniach z uczniami, na kt\u00f3re zawsze znajdowa\u0142a czas, nikogo nie trzeba by\u0142o ucisza\u0107. Odbierali\u015bmy wtedy lekcj\u0119 autorytetu budowanego na \u015bwiadectwie godnego \u017cycia i rzeczywistych zas\u0142ug s\u0142uchaj\u0105c opowie\u015bci z zapartym tchem. Zapami\u0119tamy sesje historyczne, pe\u0142ne swady, powsta\u0144cze, harcerskie gaw\u0119dy, rozmowy , a tak\u017ce wsp\u00f3lnie sp\u0119dzane szkolne \u015bwi\u0119ta: jubileusze, Dni Szko\u0142y, Wigilie\u2026<\/p>\n<p>To Pani \u201eKamie\u201d (m. in.) zawdzi\u0119czamy, \u017ce nasza szko\u0142a od dziewi\u0119ciu lat ma swojego patrona. Pami\u0119tamy, z jakim entuzjazmem odnios\u0142a si\u0119 wraz z ca\u0142ym \u015arodowiskiem \u017bo\u0142nierzy \u201eParasola\u201d do naszego pomys\u0142u nadania szkole imienia legendarnego batalionu i z w\u0142a\u015bciw\u0105 sobie energi\u0105 wspiera\u0142a nas we wszelkich dzia\u0142aniach zmierzaj\u0105cych do realizacji tego planu. 26 wrze\u015bnia 2007 roku, w uroczystym dniu przyj\u0119cia przez szko\u0142\u0119 imienia, by\u0142a matk\u0105 chrzestn\u0105 szkolnego sztandaru, na kt\u00f3rym widnieje god\u0142o Jej batalionu &#8211; wpisany w znak Polski Walcz\u0105cej \u2013 niebieski parasol.<\/p>\n<p>Kochana Pani \u201eKamo\u201d! Dzi\u0119kujemy, \u017ce zosta\u0142a Pani bohaterk\u0105 tak\u017ce naszej szkolnej historii, naszym nauczycielem, autorytetem i przyjacielem. To dla nas wielki zaszczyt.<\/p>\n<p><em>Anna Hohendorff<\/em><br \/><em> polonistka Spo\u0142ecznego Liceum Og\u00f3lnokszta\u0142c\u0105cego nr 4 im. Batalionu AK \u201eParasol\u201d<\/em><\/p>\n","protected":false},"excerpt":{"rendered":"<p>Z wielkim smutkiem przyj\u0119li\u015bmy wiadomo\u015b\u0107 o \u015bmierci \u201eKamy\u201d \u2013 Marii Stypu\u0142kowskiej \u2013 Chojeckiej, pedagoga, pasjonatki historii i popularyzatorki wiedzy historycznej, kapitana Wojska Polskiego, wielokrotnie odznaczanej za dzia\u0142alno\u015b\u0107 konspiracyjn\u0105 w okresie II wojny \u015bwiatowej i udzia\u0142 w Powstaniu Warszawskim.<\/p>\n","protected":false},"author":1,"featured_media":1975,"comment_status":"closed","ping_status":"open","sticky":false,"template":"","format":"standard","meta":[],"categories":[3],"tags":[],"_links":{"self":[{"href":"https:\/\/www.batalionparasol.pl\/slo4\/wp-json\/wp\/v2\/posts\/1974"}],"collection":[{"href":"https:\/\/www.batalionparasol.pl\/slo4\/wp-json\/wp\/v2\/posts"}],"about":[{"href":"https:\/\/www.batalionparasol.pl\/slo4\/wp-json\/wp\/v2\/types\/post"}],"author":[{"embeddable":true,"href":"https:\/\/www.batalionparasol.pl\/slo4\/wp-json\/wp\/v2\/users\/1"}],"replies":[{"embeddable":true,"href":"https:\/\/www.batalionparasol.pl\/slo4\/wp-json\/wp\/v2\/comments?post=1974"}],"version-history":[{"count":10,"href":"https:\/\/www.batalionparasol.pl\/slo4\/wp-json\/wp\/v2\/posts\/1974\/revisions"}],"predecessor-version":[{"id":2015,"href":"https:\/\/www.batalionparasol.pl\/slo4\/wp-json\/wp\/v2\/posts\/1974\/revisions\/2015"}],"wp:featuredmedia":[{"embeddable":true,"href":"https:\/\/www.batalionparasol.pl\/slo4\/wp-json\/wp\/v2\/media\/1975"}],"wp:attachment":[{"href":"https:\/\/www.batalionparasol.pl\/slo4\/wp-json\/wp\/v2\/media?parent=1974"}],"wp:term":[{"taxonomy":"category","embeddable":true,"href":"https:\/\/www.batalionparasol.pl\/slo4\/wp-json\/wp\/v2\/categories?post=1974"},{"taxonomy":"post_tag","embeddable":true,"href":"https:\/\/www.batalionparasol.pl\/slo4\/wp-json\/wp\/v2\/tags?post=1974"}],"curies":[{"name":"wp","href":"https:\/\/api.w.org\/{rel}","templated":true}]}}