{"id":2117,"date":"2016-05-31T11:15:54","date_gmt":"2016-05-31T09:15:54","guid":{"rendered":"http:\/\/slo4.edu.pl\/?p=2117"},"modified":"2016-06-01T10:17:56","modified_gmt":"2016-06-01T08:17:56","slug":"wlochy-2016-akcja-dla-hospicjum","status":"publish","type":"post","link":"https:\/\/www.batalionparasol.pl\/slo4\/wlochy-2016-akcja-dla-hospicjum\/","title":{"rendered":"W\u0142ochy 2016 + akcja dla hospicjum"},"content":{"rendered":"<p>W dniach 29 kwietnia \u2013 7 maja 2016 r. \u00a0grupa 49 uczni\u00f3w klas 3A, 3C, IA i IB naszego Gimnazjum i Liceum pod kierunkiem prof. prof. Jacka Gorzkowskiego, Lucyny Hankiewicz, Bo\u017ceny Kapuzy i El\u017cbiety Piotrowskiej uczestniczy\u0142a w wyje\u017adzie edukacyjnym do W\u0142och. Trasa wyprawy wiod\u0142a przez Wiede\u0144, Wenecj\u0119, Padw\u0119, Boloni\u0119, Florencj\u0119, Rzym, Monte Cassino, Loreto i Rawenn\u0119. W jej trakcie uczestnicy zwiedzili mas\u0119 zabytk\u00f3w, nie zabrak\u0142o r\u00f3wnie\u017c miejsca na rozrywki na wiede\u0144skim Praterze. Tematem przewodnim wyjazdu by\u0142y \u201ePolskie miejsca pami\u0119ci we W\u0142oszech\u201d, st\u0105d te\u017c najwa\u017cniejszymi punktami programu by\u0142y wizyty na trzech nekropoliach \u017co\u0142nierzy II Korpusu Polskiego \u2013 w Bolonii, pod Monte Cassino i w Loreto.\u00a0 Nasi uczniowie i nauczyciele z\u0142o\u017cyli tam wie\u0144ce, zapalili znicze, odm\u00f3wili kr\u00f3tk\u0105 modlitw\u0119 za poleg\u0142ych. Przywiezion\u0105 z pola bitwy pod Monte Cassino ziemi\u0119, po zapakowaniu do urn i opatrzeniu stosownym certyfikatem,\u00a0 rozdawano\u00a0 uczniom, rodzicom i nauczycielom, kt\u00f3rzy wsparli zbi\u00f3rk\u0119 pieni\u0119dzy na rzecz Ursynowskiego Hospicjum.<\/p>\n<p><img decoding=\"async\" loading=\"lazy\" class=\"wp-image-2116 alignleft\" src=\"http:\/\/batalionparasol.pl\/slo4\/wp-content\/uploads\/2016\/05\/Rzym-Forum-Romanum-5-1024x575.jpg\" alt=\"Rzym, Forum Romanum 5\" width=\"418\" height=\"235\" srcset=\"https:\/\/www.batalionparasol.pl\/slo4\/wp-content\/uploads\/2016\/05\/Rzym-Forum-Romanum-5-1024x575.jpg 1024w, https:\/\/www.batalionparasol.pl\/slo4\/wp-content\/uploads\/2016\/05\/Rzym-Forum-Romanum-5-300x168.jpg 300w, https:\/\/www.batalionparasol.pl\/slo4\/wp-content\/uploads\/2016\/05\/Rzym-Forum-Romanum-5-768x431.jpg 768w, https:\/\/www.batalionparasol.pl\/slo4\/wp-content\/uploads\/2016\/05\/Rzym-Forum-Romanum-5-534x300.jpg 534w\" sizes=\"(max-width: 418px) 100vw, 418px\" \/><\/p>\n<p>&nbsp;<\/p>\n<p><img decoding=\"async\" loading=\"lazy\" class=\"wp-image-2111 alignleft\" src=\"http:\/\/batalionparasol.pl\/slo4\/wp-content\/uploads\/2016\/05\/Polski-Cmentarz-Wojenny-Monte-Cassino4-1-1024x768.jpg\" alt=\"Polski Cmentarz Wojenny, Monte Cassino4\" width=\"424\" height=\"318\" srcset=\"https:\/\/www.batalionparasol.pl\/slo4\/wp-content\/uploads\/2016\/05\/Polski-Cmentarz-Wojenny-Monte-Cassino4-1-1024x768.jpg 1024w, https:\/\/www.batalionparasol.pl\/slo4\/wp-content\/uploads\/2016\/05\/Polski-Cmentarz-Wojenny-Monte-Cassino4-1-300x225.jpg 300w, https:\/\/www.batalionparasol.pl\/slo4\/wp-content\/uploads\/2016\/05\/Polski-Cmentarz-Wojenny-Monte-Cassino4-1-768x576.jpg 768w, https:\/\/www.batalionparasol.pl\/slo4\/wp-content\/uploads\/2016\/05\/Polski-Cmentarz-Wojenny-Monte-Cassino4-1-400x300.jpg 400w\" sizes=\"(max-width: 424px) 100vw, 424px\" \/> <img decoding=\"async\" loading=\"lazy\" class=\"wp-image-2108 alignleft\" src=\"http:\/\/batalionparasol.pl\/slo4\/wp-content\/uploads\/2016\/05\/Monte-Cassino-klasztor-benedyktyn\u00f3w-1-1-1024x768.jpg\" alt=\"Monte Cassino, klasztor benedyktyn\u00f3w 1\" width=\"406\" height=\"304\" srcset=\"https:\/\/www.batalionparasol.pl\/slo4\/wp-content\/uploads\/2016\/05\/Monte-Cassino-klasztor-benedyktyn\u00f3w-1-1-1024x768.jpg 1024w, https:\/\/www.batalionparasol.pl\/slo4\/wp-content\/uploads\/2016\/05\/Monte-Cassino-klasztor-benedyktyn\u00f3w-1-1-300x225.jpg 300w, https:\/\/www.batalionparasol.pl\/slo4\/wp-content\/uploads\/2016\/05\/Monte-Cassino-klasztor-benedyktyn\u00f3w-1-1-768x576.jpg 768w, https:\/\/www.batalionparasol.pl\/slo4\/wp-content\/uploads\/2016\/05\/Monte-Cassino-klasztor-benedyktyn\u00f3w-1-1-400x300.jpg 400w\" sizes=\"(max-width: 406px) 100vw, 406px\" \/> \u00a0 <img decoding=\"async\" loading=\"lazy\" class=\"wp-image-2102 alignleft\" src=\"http:\/\/batalionparasol.pl\/slo4\/wp-content\/uploads\/2016\/05\/Polski-Cmentarz-Wojenny-Monte-Cassino3-768x1024.jpg\" alt=\"Polski Cmentarz Wojenny, Monte Cassino3\" width=\"405\" height=\"540\" srcset=\"https:\/\/www.batalionparasol.pl\/slo4\/wp-content\/uploads\/2016\/05\/Polski-Cmentarz-Wojenny-Monte-Cassino3-768x1024.jpg 768w, https:\/\/www.batalionparasol.pl\/slo4\/wp-content\/uploads\/2016\/05\/Polski-Cmentarz-Wojenny-Monte-Cassino3-225x300.jpg 225w\" sizes=\"(max-width: 405px) 100vw, 405px\" \/><\/p>\n<p>&nbsp;<\/p>\n<p><img decoding=\"async\" loading=\"lazy\" class=\"wp-image-2096 alignleft\" src=\"http:\/\/batalionparasol.pl\/slo4\/wp-content\/uploads\/2016\/05\/Polski-Cmentarz-Wojenny-4-1024x768.jpg\" alt=\"Polski Cmentarz Wojenny, 4\" width=\"394\" height=\"296\" srcset=\"https:\/\/www.batalionparasol.pl\/slo4\/wp-content\/uploads\/2016\/05\/Polski-Cmentarz-Wojenny-4-1024x768.jpg 1024w, https:\/\/www.batalionparasol.pl\/slo4\/wp-content\/uploads\/2016\/05\/Polski-Cmentarz-Wojenny-4-300x225.jpg 300w, https:\/\/www.batalionparasol.pl\/slo4\/wp-content\/uploads\/2016\/05\/Polski-Cmentarz-Wojenny-4-768x576.jpg 768w, https:\/\/www.batalionparasol.pl\/slo4\/wp-content\/uploads\/2016\/05\/Polski-Cmentarz-Wojenny-4-400x300.jpg 400w\" sizes=\"(max-width: 394px) 100vw, 394px\" \/> <img decoding=\"async\" loading=\"lazy\" class=\"wp-image-2094 alignleft\" src=\"http:\/\/batalionparasol.pl\/slo4\/wp-content\/uploads\/2016\/05\/Polski-Cmentarz-Wojenny-w-Bolonii-2-1024x576.jpg\" alt=\"Polski Cmentarz Wojenny w Bolonii 2\" width=\"392\" height=\"221\" srcset=\"https:\/\/www.batalionparasol.pl\/slo4\/wp-content\/uploads\/2016\/05\/Polski-Cmentarz-Wojenny-w-Bolonii-2-1024x576.jpg 1024w, https:\/\/www.batalionparasol.pl\/slo4\/wp-content\/uploads\/2016\/05\/Polski-Cmentarz-Wojenny-w-Bolonii-2-300x169.jpg 300w, https:\/\/www.batalionparasol.pl\/slo4\/wp-content\/uploads\/2016\/05\/Polski-Cmentarz-Wojenny-w-Bolonii-2-768x432.jpg 768w, https:\/\/www.batalionparasol.pl\/slo4\/wp-content\/uploads\/2016\/05\/Polski-Cmentarz-Wojenny-w-Bolonii-2-533x300.jpg 533w\" sizes=\"(max-width: 392px) 100vw, 392px\" \/><\/p>\n<p>Rzym, Forum Romanum<\/p>\n<p>&nbsp;<\/p>\n<p>&nbsp;<\/p>\n<p>&nbsp;<\/p>\n<p>&nbsp;<\/p>\n<p>&nbsp;<\/p>\n<p>&nbsp;<\/p>\n<p>&nbsp;<\/p>\n<p>Polski Cmentarz Wojenny na Monte Cassino<\/p>\n<p>&nbsp;<\/p>\n<p>&nbsp;<\/p>\n<p>&nbsp;<\/p>\n<p>&nbsp;<\/p>\n<p>&nbsp;<\/p>\n<p>&nbsp;<\/p>\n<p>&nbsp;<\/p>\n<p>Klasztor benedyktyn\u00f3w na Monte Cassino<\/p>\n<p>&nbsp;<\/p>\n<p>&nbsp;<\/p>\n<p>&nbsp;<\/p>\n<p>&nbsp;<\/p>\n<p>&nbsp;<\/p>\n<p>&nbsp;<\/p>\n<p>&nbsp;<\/p>\n<p>Polski Cmentarz Wojenny na Monte Cassino<\/p>\n<p>&nbsp;<\/p>\n<p>&nbsp;<\/p>\n<p>&nbsp;<\/p>\n<p>&nbsp;<\/p>\n<p>&nbsp;<\/p>\n<p>&nbsp;<\/p>\n<p>&nbsp;<\/p>\n<p>&nbsp;<\/p>\n<p>&nbsp;<\/p>\n<p>&nbsp;<\/p>\n<p>&nbsp;<\/p>\n<p>&nbsp;<\/p>\n<p>&nbsp;<\/p>\n<p>&nbsp;<\/p>\n<p>&nbsp;<\/p>\n<p>Polski Cmentarz Wojenny w Loreto<\/p>\n<p>&nbsp;<\/p>\n<p>&nbsp;<\/p>\n<p>&nbsp;<\/p>\n<p>&nbsp;<\/p>\n<p>&nbsp;<\/p>\n<p>Polski Cmentarz Wojenny w Bolonii<\/p>\n<p><img decoding=\"async\" loading=\"lazy\" class=\"wp-image-2131 alignleft\" src=\"http:\/\/batalionparasol.pl\/slo4\/wp-content\/uploads\/2016\/06\/Urna-z-ziemi\u0105-1024x924.jpg\" alt=\"Urna z ziemi\u0105\" width=\"366\" height=\"331\" srcset=\"https:\/\/www.batalionparasol.pl\/slo4\/wp-content\/uploads\/2016\/06\/Urna-z-ziemi\u0105-1024x924.jpg 1024w, https:\/\/www.batalionparasol.pl\/slo4\/wp-content\/uploads\/2016\/06\/Urna-z-ziemi\u0105-300x271.jpg 300w, https:\/\/www.batalionparasol.pl\/slo4\/wp-content\/uploads\/2016\/06\/Urna-z-ziemi\u0105-768x693.jpg 768w, https:\/\/www.batalionparasol.pl\/slo4\/wp-content\/uploads\/2016\/06\/Urna-z-ziemi\u0105-333x300.jpg 333w, https:\/\/www.batalionparasol.pl\/slo4\/wp-content\/uploads\/2016\/06\/Urna-z-ziemi\u0105.jpg 1611w\" sizes=\"(max-width: 366px) 100vw, 366px\" \/><\/p>\n<p>&nbsp;<\/p>\n<p>&nbsp;<\/p>\n<p>&nbsp;<\/p>\n<p>&nbsp;<\/p>\n<p>&nbsp;<\/p>\n<p>Ziemia z Monte Cassino<\/p>\n<p>&nbsp;<\/p>\n<p>&nbsp;<\/p>\n<p>&nbsp;<\/p>\n<p>&nbsp;<\/p>\n<p>&nbsp;<\/p>\n<p>&nbsp;<\/p>\n<p>&nbsp;<\/p>\n<p>&nbsp;<\/p>\n<p>&nbsp;<\/p>\n<p>&nbsp;<\/p>\n<p>&nbsp;<\/p>\n<p>&nbsp;<\/p>\n","protected":false},"excerpt":{"rendered":"<p>W dniach 29 kwietnia \u2013 7 maja 2016 r. \u00a0grupa 49 uczni\u00f3w klas 3A, 3C, IA i IB naszego Gimnazjum i Liceum pod kierunkiem prof. prof. Jacka Gorzkowskiego, Lucyny Hankiewicz, Bo\u017ceny Kapuzy i El\u017cbiety Piotrowskiej uczestniczy\u0142a w wyje\u017adzie edukacyjnym do W\u0142och. Trasa wyprawy wiod\u0142a przez Wiede\u0144, Wenecj\u0119, Padw\u0119, Boloni\u0119, Florencj\u0119, <a href=\"https:\/\/www.batalionparasol.pl\/slo4\/wlochy-2016-akcja-dla-hospicjum\/\" class=\"read-more\">(czytaj wi\u0119cej &#8230;)<\/a><\/p>\n","protected":false},"author":1,"featured_media":2102,"comment_status":"closed","ping_status":"open","sticky":false,"template":"","format":"standard","meta":[],"categories":[3],"tags":[],"_links":{"self":[{"href":"https:\/\/www.batalionparasol.pl\/slo4\/wp-json\/wp\/v2\/posts\/2117"}],"collection":[{"href":"https:\/\/www.batalionparasol.pl\/slo4\/wp-json\/wp\/v2\/posts"}],"about":[{"href":"https:\/\/www.batalionparasol.pl\/slo4\/wp-json\/wp\/v2\/types\/post"}],"author":[{"embeddable":true,"href":"https:\/\/www.batalionparasol.pl\/slo4\/wp-json\/wp\/v2\/users\/1"}],"replies":[{"embeddable":true,"href":"https:\/\/www.batalionparasol.pl\/slo4\/wp-json\/wp\/v2\/comments?post=2117"}],"version-history":[{"count":29,"href":"https:\/\/www.batalionparasol.pl\/slo4\/wp-json\/wp\/v2\/posts\/2117\/revisions"}],"predecessor-version":[{"id":2147,"href":"https:\/\/www.batalionparasol.pl\/slo4\/wp-json\/wp\/v2\/posts\/2117\/revisions\/2147"}],"wp:featuredmedia":[{"embeddable":true,"href":"https:\/\/www.batalionparasol.pl\/slo4\/wp-json\/wp\/v2\/media\/2102"}],"wp:attachment":[{"href":"https:\/\/www.batalionparasol.pl\/slo4\/wp-json\/wp\/v2\/media?parent=2117"}],"wp:term":[{"taxonomy":"category","embeddable":true,"href":"https:\/\/www.batalionparasol.pl\/slo4\/wp-json\/wp\/v2\/categories?post=2117"},{"taxonomy":"post_tag","embeddable":true,"href":"https:\/\/www.batalionparasol.pl\/slo4\/wp-json\/wp\/v2\/tags?post=2117"}],"curies":[{"name":"wp","href":"https:\/\/api.w.org\/{rel}","templated":true}]}}