{"id":2167,"date":"2016-06-06T11:32:06","date_gmt":"2016-06-06T09:32:06","guid":{"rendered":"http:\/\/slo4.edu.pl\/?p=2167"},"modified":"2016-06-06T11:36:09","modified_gmt":"2016-06-06T09:36:09","slug":"iii-miejsce-w-turnieju-siatkowki","status":"publish","type":"post","link":"https:\/\/www.batalionparasol.pl\/slo4\/iii-miejsce-w-turnieju-siatkowki\/","title":{"rendered":"III miejsce w Turnieju Siatk\u00f3wki"},"content":{"rendered":"<p>W pi\u0105tek, 3.06.2016 r. reprezentacja naszej szko\u0142y wywalczy\u0142a III miejsce w Turnieju Siatk\u00f3wki o puchar M\u0142odzie\u017cowej Rady Dzielnicy Ursyn\u00f3w.<\/p>\n<p>Serdecznie gratulujemy !<\/p>\n<p>Sk\u0142ad reprezentacji: Maria Papis, Anna Musia\u0142, Gabriela Gawry\u015b, Weronika Szewczyk, Robert Piekarz, Maciej Polak, Leszek Troc, Micha\u0142 Hryciuk i Jacek \u017bebrowski.<\/p>\n<p><img decoding=\"async\" loading=\"lazy\" class=\"aligncenter size-large wp-image-2165\" src=\"http:\/\/batalionparasol.pl\/slo4\/wp-content\/uploads\/2016\/06\/20160603_090611-1024x576.jpg\" alt=\"20160603_090611\" width=\"1024\" height=\"576\" srcset=\"https:\/\/www.batalionparasol.pl\/slo4\/wp-content\/uploads\/2016\/06\/20160603_090611-1024x576.jpg 1024w, https:\/\/www.batalionparasol.pl\/slo4\/wp-content\/uploads\/2016\/06\/20160603_090611-300x169.jpg 300w, https:\/\/www.batalionparasol.pl\/slo4\/wp-content\/uploads\/2016\/06\/20160603_090611-768x432.jpg 768w, https:\/\/www.batalionparasol.pl\/slo4\/wp-content\/uploads\/2016\/06\/20160603_090611-533x300.jpg 533w\" sizes=\"(max-width: 1024px) 100vw, 1024px\" \/> <img decoding=\"async\" loading=\"lazy\" class=\"aligncenter size-large wp-image-2164\" src=\"http:\/\/batalionparasol.pl\/slo4\/wp-content\/uploads\/2016\/06\/20160603_090151-1024x576.jpg\" alt=\"20160603_090151\" width=\"1024\" height=\"576\" srcset=\"https:\/\/www.batalionparasol.pl\/slo4\/wp-content\/uploads\/2016\/06\/20160603_090151-1024x576.jpg 1024w, https:\/\/www.batalionparasol.pl\/slo4\/wp-content\/uploads\/2016\/06\/20160603_090151-300x169.jpg 300w, https:\/\/www.batalionparasol.pl\/slo4\/wp-content\/uploads\/2016\/06\/20160603_090151-768x432.jpg 768w, https:\/\/www.batalionparasol.pl\/slo4\/wp-content\/uploads\/2016\/06\/20160603_090151-533x300.jpg 533w\" sizes=\"(max-width: 1024px) 100vw, 1024px\" \/> <img decoding=\"async\" loading=\"lazy\" class=\"aligncenter size-large wp-image-2163\" src=\"http:\/\/batalionparasol.pl\/slo4\/wp-content\/uploads\/2016\/06\/20160603_105140-1024x576.jpg\" alt=\"20160603_105140\" width=\"1024\" height=\"576\" srcset=\"https:\/\/www.batalionparasol.pl\/slo4\/wp-content\/uploads\/2016\/06\/20160603_105140-1024x576.jpg 1024w, https:\/\/www.batalionparasol.pl\/slo4\/wp-content\/uploads\/2016\/06\/20160603_105140-300x169.jpg 300w, https:\/\/www.batalionparasol.pl\/slo4\/wp-content\/uploads\/2016\/06\/20160603_105140-768x432.jpg 768w, https:\/\/www.batalionparasol.pl\/slo4\/wp-content\/uploads\/2016\/06\/20160603_105140-533x300.jpg 533w\" sizes=\"(max-width: 1024px) 100vw, 1024px\" \/> <img decoding=\"async\" loading=\"lazy\" class=\"aligncenter size-large wp-image-2162\" src=\"http:\/\/batalionparasol.pl\/slo4\/wp-content\/uploads\/2016\/06\/20160603_125451-1024x576.jpg\" alt=\"20160603_125451\" width=\"1024\" height=\"576\" srcset=\"https:\/\/www.batalionparasol.pl\/slo4\/wp-content\/uploads\/2016\/06\/20160603_125451-1024x576.jpg 1024w, https:\/\/www.batalionparasol.pl\/slo4\/wp-content\/uploads\/2016\/06\/20160603_125451-300x169.jpg 300w, https:\/\/www.batalionparasol.pl\/slo4\/wp-content\/uploads\/2016\/06\/20160603_125451-768x432.jpg 768w, https:\/\/www.batalionparasol.pl\/slo4\/wp-content\/uploads\/2016\/06\/20160603_125451-533x300.jpg 533w\" sizes=\"(max-width: 1024px) 100vw, 1024px\" \/><\/p>\n","protected":false},"excerpt":{"rendered":"<p>W pi\u0105tek, 3.06.2016 r. reprezentacja naszej szko\u0142y wywalczy\u0142a III miejsce w Turnieju Siatk\u00f3wki o puchar M\u0142odzie\u017cowej Rady Dzielnicy Ursyn\u00f3w. Serdecznie gratulujemy ! Sk\u0142ad reprezentacji: Maria Papis, Anna Musia\u0142, Gabriela Gawry\u015b, Weronika Szewczyk, Robert Piekarz, Maciej Polak, Leszek Troc, Micha\u0142 Hryciuk i Jacek \u017bebrowski.<\/p>\n","protected":false},"author":1,"featured_media":2165,"comment_status":"closed","ping_status":"open","sticky":false,"template":"","format":"standard","meta":[],"categories":[3,1],"tags":[],"_links":{"self":[{"href":"https:\/\/www.batalionparasol.pl\/slo4\/wp-json\/wp\/v2\/posts\/2167"}],"collection":[{"href":"https:\/\/www.batalionparasol.pl\/slo4\/wp-json\/wp\/v2\/posts"}],"about":[{"href":"https:\/\/www.batalionparasol.pl\/slo4\/wp-json\/wp\/v2\/types\/post"}],"author":[{"embeddable":true,"href":"https:\/\/www.batalionparasol.pl\/slo4\/wp-json\/wp\/v2\/users\/1"}],"replies":[{"embeddable":true,"href":"https:\/\/www.batalionparasol.pl\/slo4\/wp-json\/wp\/v2\/comments?post=2167"}],"version-history":[{"count":1,"href":"https:\/\/www.batalionparasol.pl\/slo4\/wp-json\/wp\/v2\/posts\/2167\/revisions"}],"predecessor-version":[{"id":2168,"href":"https:\/\/www.batalionparasol.pl\/slo4\/wp-json\/wp\/v2\/posts\/2167\/revisions\/2168"}],"wp:featuredmedia":[{"embeddable":true,"href":"https:\/\/www.batalionparasol.pl\/slo4\/wp-json\/wp\/v2\/media\/2165"}],"wp:attachment":[{"href":"https:\/\/www.batalionparasol.pl\/slo4\/wp-json\/wp\/v2\/media?parent=2167"}],"wp:term":[{"taxonomy":"category","embeddable":true,"href":"https:\/\/www.batalionparasol.pl\/slo4\/wp-json\/wp\/v2\/categories?post=2167"},{"taxonomy":"post_tag","embeddable":true,"href":"https:\/\/www.batalionparasol.pl\/slo4\/wp-json\/wp\/v2\/tags?post=2167"}],"curies":[{"name":"wp","href":"https:\/\/api.w.org\/{rel}","templated":true}]}}