{"id":2490,"date":"2017-01-09T15:51:53","date_gmt":"2017-01-09T14:51:53","guid":{"rendered":"http:\/\/slo4.edu.pl\/?p=2490"},"modified":"2017-01-09T15:51:53","modified_gmt":"2017-01-09T14:51:53","slug":"zmarl-gen-gryf","status":"publish","type":"post","link":"https:\/\/www.batalionparasol.pl\/slo4\/zmarl-gen-gryf\/","title":{"rendered":"Zmar\u0142 gen. &#8222;Gryf&#8221;"},"content":{"rendered":"<p>Z wielkim smutkiem informujemy, \u017ce odszed\u0142 na wieczn\u0105 wart\u0119 Wielki Patriota i Wielki Autorytet gen. bryg. Janusz Brochwicz-Lewi\u0144ski, ps. &#8222;Gryf&#8221;, legendarny obro\u0144ca Pa\u0142acyku Michla w Powstaniu Warszawskim z Batalionu &#8222;Parasol&#8221;.<\/p>\n<p>CZE\u015a\u0106 JEGO\u00a0 PAMI\u0118CI!<\/p>\n<p><img decoding=\"async\" loading=\"lazy\" class=\"alignleft  wp-image-2492\" src=\"http:\/\/batalionparasol.pl\/slo4\/wp-content\/uploads\/2017\/01\/gryf.jpg\" alt=\"gryf\" width=\"498\" height=\"370\" srcset=\"https:\/\/www.batalionparasol.pl\/slo4\/wp-content\/uploads\/2017\/01\/gryf.jpg 800w, https:\/\/www.batalionparasol.pl\/slo4\/wp-content\/uploads\/2017\/01\/gryf-300x223.jpg 300w, https:\/\/www.batalionparasol.pl\/slo4\/wp-content\/uploads\/2017\/01\/gryf-768x571.jpg 768w, https:\/\/www.batalionparasol.pl\/slo4\/wp-content\/uploads\/2017\/01\/gryf-403x300.jpg 403w\" sizes=\"(max-width: 498px) 100vw, 498px\" \/> <img decoding=\"async\" loading=\"lazy\" class=\"alignleft  wp-image-2491\" src=\"http:\/\/batalionparasol.pl\/slo4\/wp-content\/uploads\/2017\/01\/gryf3.jpg\" alt=\"gryf3\" width=\"490\" height=\"736\" srcset=\"https:\/\/www.batalionparasol.pl\/slo4\/wp-content\/uploads\/2017\/01\/gryf3.jpg 639w, https:\/\/www.batalionparasol.pl\/slo4\/wp-content\/uploads\/2017\/01\/gryf3-200x300.jpg 200w\" sizes=\"(max-width: 490px) 100vw, 490px\" \/><\/p>\n","protected":false},"excerpt":{"rendered":"<p>Z wielkim smutkiem informujemy, \u017ce odszed\u0142 na wieczn\u0105 wart\u0119 Wielki Patriota i Wielki Autorytet gen. bryg. Janusz Brochwicz-Lewi\u0144ski, ps. &#8222;Gryf&#8221;, legendarny obro\u0144ca Pa\u0142acyku Michla w Powstaniu Warszawskim z Batalionu &#8222;Parasol&#8221;. CZE\u015a\u0106 JEGO\u00a0 PAMI\u0118CI!<\/p>\n","protected":false},"author":1,"featured_media":2492,"comment_status":"closed","ping_status":"open","sticky":false,"template":"","format":"standard","meta":[],"categories":[3,1],"tags":[],"_links":{"self":[{"href":"https:\/\/www.batalionparasol.pl\/slo4\/wp-json\/wp\/v2\/posts\/2490"}],"collection":[{"href":"https:\/\/www.batalionparasol.pl\/slo4\/wp-json\/wp\/v2\/posts"}],"about":[{"href":"https:\/\/www.batalionparasol.pl\/slo4\/wp-json\/wp\/v2\/types\/post"}],"author":[{"embeddable":true,"href":"https:\/\/www.batalionparasol.pl\/slo4\/wp-json\/wp\/v2\/users\/1"}],"replies":[{"embeddable":true,"href":"https:\/\/www.batalionparasol.pl\/slo4\/wp-json\/wp\/v2\/comments?post=2490"}],"version-history":[{"count":1,"href":"https:\/\/www.batalionparasol.pl\/slo4\/wp-json\/wp\/v2\/posts\/2490\/revisions"}],"predecessor-version":[{"id":2493,"href":"https:\/\/www.batalionparasol.pl\/slo4\/wp-json\/wp\/v2\/posts\/2490\/revisions\/2493"}],"wp:featuredmedia":[{"embeddable":true,"href":"https:\/\/www.batalionparasol.pl\/slo4\/wp-json\/wp\/v2\/media\/2492"}],"wp:attachment":[{"href":"https:\/\/www.batalionparasol.pl\/slo4\/wp-json\/wp\/v2\/media?parent=2490"}],"wp:term":[{"taxonomy":"category","embeddable":true,"href":"https:\/\/www.batalionparasol.pl\/slo4\/wp-json\/wp\/v2\/categories?post=2490"},{"taxonomy":"post_tag","embeddable":true,"href":"https:\/\/www.batalionparasol.pl\/slo4\/wp-json\/wp\/v2\/tags?post=2490"}],"curies":[{"name":"wp","href":"https:\/\/api.w.org\/{rel}","templated":true}]}}