{"id":2511,"date":"2017-01-27T13:11:29","date_gmt":"2017-01-27T12:11:29","guid":{"rendered":"http:\/\/slo4.edu.pl\/?p=2511"},"modified":"2017-02-06T23:58:37","modified_gmt":"2017-02-06T22:58:37","slug":"artykul-na-stronie-haloursynow-pl-o-gen-gryfie","status":"publish","type":"post","link":"https:\/\/www.batalionparasol.pl\/slo4\/artykul-na-stronie-haloursynow-pl-o-gen-gryfie\/","title":{"rendered":"Artyku\u0142  na stronie haloursynow.pl o gen. Gryfie."},"content":{"rendered":"<p>Publikujemy artyku\u0142 prof. Adama Hohendorffa,\u00a0 nauczyciela j\u0119zyka polskiego, na temat gen. Janusza Brochwicz- Lewi\u0144skiego ps. &#8222;Gryf&#8221;, kt\u00f3ry by\u0142 \u017co\u0142nierzem Batalionu &#8222;Parasol&#8221;, patrona naszej szko\u0142y.<\/p>\n<p>&nbsp;<\/p>\n<p><!--more--><\/p>\n<h1>Po\u017cegnanie z Gryfem<\/h1>\n<p class=\"zdjecieArt\"><img decoding=\"async\" loading=\"lazy\" class=\"\" src=\"http:\/\/www.haloursynow.pl\/img\/artykuly\/7148_pozegnanie_1.jpg\" alt=\"Po\u017cegnanie z Gryfem\" width=\"469\" height=\"203\" \/><\/p>\n<p><strong>By\u0142 27 wrze\u015bnia 2007 roku. Pami\u0119tam ten dzie\u0144 doskonale. \u015awi\u0119to podw\u00f3jne: i dla ursynowskiego liceum spo\u0142ecznego przy Hawajskiej, i dla \u017co\u0142nierzy Batalionu AK &#8222;Parasol&#8221;. Nadanie szkole imienia tego s\u0142awnego oddzia\u0142u. Jako ojciec chrzestny sztandaru ostatni Prezydent RP na Uchod\u017astwie &#8211; Ryszard Kaczorowski. W\u015br\u00f3d zaproszonych go\u015bci ponad dwudziestu by\u0142ych \u017co\u0142nierzy oddzia\u0142u. Wtedy po raz pierwszy zobaczy\u0142em jego. Dostojnego ale skromnego pana, ze wzruszeniem patrz\u0105cego na to wydarzenie &#8211; Janusza Brochwicza-Lewi\u0144skiego &#8211; &#8222;Gryfa&#8221;.<\/strong><\/p>\n<p>Kt\u00f3\u017c z nas nie zna s\u0142ynnej piosenki powsta\u0144czej, zaczynaj\u0105cej sie od s\u0142\u00f3w: &#8222;Pa\u0142acyk Michla, \u017bytnia, Wola, broni\u0105 si\u0119 ch\u0142opcy od Parasola&#8221;. Dow\u00f3dc\u0105 tej obrony by\u0142 w\u0142a\u015bnie &#8222;Gryf&#8221;.<\/p>\n<p><em>&#8211; Gryfa ju\u017c poznano, \u017ce podejmuje najtrudniejsze zadania. i uwa\u017ca\u0142o si\u0119 za honor by\u0107 u niego\u00a0&#8211;<\/em> wspomina\u0142 o nim jeden\u00a0podkomendnych, a przytoczy\u0142 te s\u0142owa Melchior Wa\u0144kowicz w ksi\u0105\u017cce &#8222;Ziele na kraterze&#8221;. Wybitny tw\u00f3rca mia\u0142 pow\u00f3d tym interesowa\u0107 si\u0119, bo podkomendn\u0105 &#8222;Gryfa&#8221; by\u0142a r\u00f3wnie\u017c c\u00f3rka Krystyna Wa\u0144kowicz\u00f3wna ps. &#8222;Anna&#8221;. Krystyna poleg\u0142a 6 sierpnia przy cmentarzu kalwi\u0144skim na Woli. &#8222;Gryf&#8221; zosta\u0142 ci\u0119\u017cko ranny w dwa dni p\u00f3\u017aniej. To, \u017ce rana w warunkach powsta\u0144czych i p\u00f3\u017aniejszych \u00a0obozowych nie sta\u0142a si\u0119 przyczyn\u0105 \u015bmierci, lekarze ocenili potem jako fenomen medyczny.<\/p>\n<p>Dalsze losy niezwyk\u0142ego, odwa\u017cnego dow\u00f3dcy zawiod\u0142y go do Anglii. Do kraju po wojnie nie wr\u00f3ci\u0142, bo dowiedzia\u0142 si\u0119, \u017ce tam ju\u017c jego osob\u0105 zainteresowa\u0142 si\u0119 Urz\u0105d Bezpiecze\u0144stwa. Nie pomog\u0142yby nawet fa\u0142szywe dokumenty, gdy\u017c dekonspirowa\u0142a go du\u017ca blizna na twarzy po powsta\u0144czej ranie. Powr\u00f3ci\u0142 do Warszawy dopiero po upadku komunizmu:<\/p>\n<blockquote><p>Wr\u00f3ci\u0142em do miasta, kt\u00f3re zawsze mi si\u0119 podoba\u0142o. Ale teraz ono by\u0142o zupe\u0142nie inne. Po moim domu nie by\u0142o \u015bladu. Mieszka\u0142em na Marsza\u0142kowskiej 113 &#8211; teraz jest tam park. Nie ma \u015bladu po tych domach. Wola zupe\u0142nie inaczej wygl\u0105da. Gimnazjum, do kt\u00f3rego chodzi\u0142em, zosta\u0142o przeniesione w inne miejsce. Jedynie cmentarze pozosta\u0142y takie same.<\/p><\/blockquote>\n<p>&#8222;Gryf&#8221; cz\u0119sto go\u015bci\u0142 w szkole przy Hawajskiej. M\u0142odzie\u017c z zafascynowaniem s\u0142ucha\u0142a jego barwnych opowie\u015bci, nie tylko o Pa\u0142acyku Michla, ale i o wcze\u015bniejszej ucieczce z radzieckiej niewoli, o dowodzeniu oddzia\u0142em partyzanckim na Lubeszczy\u017anie, czy o brawurowej warszawskiej akcji na aptek\u0119 Wendego, dzi\u0119ki kt\u00f3rej zdobyto trudno dost\u0119pne \u015brodki medyczne dla \u017co\u0142nierzy akowskiego podziemia.<\/p>\n<p><img decoding=\"async\" loading=\"lazy\" class=\"\" src=\"http:\/\/www.haloursynow.pl\/img\/wysiwig\/images\/3(7).jpg\" alt=\"\" width=\"344\" height=\"516\" \/><\/p>\n<p>Przychodzi\u0142 r\u00f3wnie\u017c na szkolne spotkania wigilijne, dop\u00f3ki zdrowie dopisywa\u0142o. Na ostatnie spotkanie w grudniu nie przyby\u0142, ale przys\u0142a\u0142 \u017cyczenia.<\/p>\n<p><em>&#8211;\u00a0Mamy bardzo dobr\u0105 szko\u0142\u0119 o wysokim poziomie nauki i sportu oraz tradycj\u0119 bohaterskiego Parasola, jestem z tego bardzo dumny\u00a0&#8211;<\/em> napisa\u0142.<\/p>\n<p>Janusz Brochwicz-Lewi\u0144ski zmar\u0142 5 stycznia. Uroczysto\u015bci pogrzebowe odb\u0119d\u0105 si\u0119 25 stycznia na Pow\u0105zkach.<\/p>\n<p>Kiedy bohaterowie milkn\u0105, m\u00f3wi\u0105 za nich kamienie, tablice i nasza pami\u0119\u0107. W Warszawie przy ulicy Wolskiej 40 stoi kamie\u0144 po\u015bwi\u0119cony bohaterskiej obronie Pa\u0142acyku Michla. Na budynku przy Krakowskim Przedmie\u015bciu 55 znajduje si\u0119 tablica upami\u0119tniaj\u0105ca akcj\u0119 na aptek\u0119 Wendego, kt\u00f3rej dow\u00f3dc\u0105 by\u0142 r\u00f3wnie\u017c &#8222;Gryf&#8221;. Na sztandarze liceum przy Hawajskiej widnieje znak &#8222;Parasola&#8221; jako wa\u017cne dla naszej pami\u0119ci wyzwanie.<\/p>\n<p><em>Na fotografii Janusz Brochwicz-Lewi\u0144ski &#8222;Gryf&#8221; i ostatni Prezydent RP na Uchod\u017astwie Ryszard Kaczorowski w ogr\u00f3dku Spo\u0142ecznego Liceum Og\u00f3lnokszta\u0142c\u0105cego \u00a0nr 4 przy Hawajskiej &#8211; 27 wrze\u015bnia 2007 roku w czasie uroczysto\u015bci nadania liceum imienia Batalionu AK &#8222;Parasol&#8221;.<\/em><\/p>\n<p class=\"autor\">autor: Adam Hohendorff<\/p>\n","protected":false},"excerpt":{"rendered":"<p>Publikujemy artyku\u0142 prof. Adama Hohendorffa,\u00a0 nauczyciela j\u0119zyka polskiego, na temat gen. Janusza Brochwicz- Lewi\u0144skiego ps. &#8222;Gryf&#8221;, kt\u00f3ry by\u0142 \u017co\u0142nierzem Batalionu &#8222;Parasol&#8221;, patrona naszej szko\u0142y. &nbsp;<\/p>\n","protected":false},"author":1,"featured_media":2491,"comment_status":"closed","ping_status":"open","sticky":false,"template":"","format":"standard","meta":[],"categories":[3],"tags":[],"_links":{"self":[{"href":"https:\/\/www.batalionparasol.pl\/slo4\/wp-json\/wp\/v2\/posts\/2511"}],"collection":[{"href":"https:\/\/www.batalionparasol.pl\/slo4\/wp-json\/wp\/v2\/posts"}],"about":[{"href":"https:\/\/www.batalionparasol.pl\/slo4\/wp-json\/wp\/v2\/types\/post"}],"author":[{"embeddable":true,"href":"https:\/\/www.batalionparasol.pl\/slo4\/wp-json\/wp\/v2\/users\/1"}],"replies":[{"embeddable":true,"href":"https:\/\/www.batalionparasol.pl\/slo4\/wp-json\/wp\/v2\/comments?post=2511"}],"version-history":[{"count":9,"href":"https:\/\/www.batalionparasol.pl\/slo4\/wp-json\/wp\/v2\/posts\/2511\/revisions"}],"predecessor-version":[{"id":2532,"href":"https:\/\/www.batalionparasol.pl\/slo4\/wp-json\/wp\/v2\/posts\/2511\/revisions\/2532"}],"wp:featuredmedia":[{"embeddable":true,"href":"https:\/\/www.batalionparasol.pl\/slo4\/wp-json\/wp\/v2\/media\/2491"}],"wp:attachment":[{"href":"https:\/\/www.batalionparasol.pl\/slo4\/wp-json\/wp\/v2\/media?parent=2511"}],"wp:term":[{"taxonomy":"category","embeddable":true,"href":"https:\/\/www.batalionparasol.pl\/slo4\/wp-json\/wp\/v2\/categories?post=2511"},{"taxonomy":"post_tag","embeddable":true,"href":"https:\/\/www.batalionparasol.pl\/slo4\/wp-json\/wp\/v2\/tags?post=2511"}],"curies":[{"name":"wp","href":"https:\/\/api.w.org\/{rel}","templated":true}]}}