{"id":2576,"date":"2017-03-02T12:28:57","date_gmt":"2017-03-02T11:28:57","guid":{"rendered":"http:\/\/slo4.edu.pl\/?p=2576"},"modified":"2024-03-06T09:43:49","modified_gmt":"2024-03-06T08:43:49","slug":"narodowy-dzien-pamieci-zolnierzy-wykletych-2","status":"publish","type":"post","link":"https:\/\/www.batalionparasol.pl\/slo4\/narodowy-dzien-pamieci-zolnierzy-wykletych-2\/","title":{"rendered":"Narodowy Dzie\u0144 Pami\u0119ci \u017bo\u0142nierzy Wykl\u0119tych"},"content":{"rendered":"<p>1 marca go\u015bcili\u015bmy w szkole re\u017cysera film\u00f3w dokumentalnych, pana Arkadiusza Go\u0142\u0119biewskiego. To interesuj\u0105ce spotkanie przybli\u017cy\u0142o nam\u00a0 bolesn\u0105 histori\u0119 polskich bohater\u00f3w &#8211; \u017bo\u0142nierzy Niez\u0142omnych i okrutne czasy re\u017cimu komunistycznego.<\/p>\n<p>W uroczysto\u015bciach na warszawskich Pow\u0105zkach na &#8222;\u0141\u0105czce&#8221; szko\u0142\u0119 reprezentowa\u0142a klasa 1A gimnazjum wraz z pocztem sztandarowym.<\/p>\n<p>\u00a0<\/p>\n<p>\u00a0<\/p>\n\n\n<figure class=\"wp-block-image size-large\"><img decoding=\"async\" loading=\"lazy\" width=\"1024\" height=\"576\" src=\"https:\/\/www.batalionparasol.pl\/slo4\/wp-content\/uploads\/2017\/03\/20170301_103657-1024x576.jpg\" alt=\"\" class=\"wp-image-2573\" srcset=\"https:\/\/www.batalionparasol.pl\/slo4\/wp-content\/uploads\/2017\/03\/20170301_103657-1024x576.jpg 1024w, https:\/\/www.batalionparasol.pl\/slo4\/wp-content\/uploads\/2017\/03\/20170301_103657-300x169.jpg 300w, https:\/\/www.batalionparasol.pl\/slo4\/wp-content\/uploads\/2017\/03\/20170301_103657-768x432.jpg 768w, https:\/\/www.batalionparasol.pl\/slo4\/wp-content\/uploads\/2017\/03\/20170301_103657-533x300.jpg 533w\" sizes=\"(max-width: 1024px) 100vw, 1024px\" \/><\/figure>\n","protected":false},"excerpt":{"rendered":"<p>1 marca go\u015bcili\u015bmy w szkole re\u017cysera film\u00f3w dokumentalnych, pana Arkadiusza Go\u0142\u0119biewskiego. To interesuj\u0105ce spotkanie przybli\u017cy\u0142o nam\u00a0 bolesn\u0105 histori\u0119 polskich bohater\u00f3w &#8211; \u017bo\u0142nierzy Niez\u0142omnych i okrutne czasy re\u017cimu komunistycznego. W uroczysto\u015bciach na warszawskich Pow\u0105zkach na &#8222;\u0141\u0105czce&#8221; szko\u0142\u0119 reprezentowa\u0142a klasa 1A gimnazjum wraz z pocztem sztandarowym. \u00a0 \u00a0<\/p>\n","protected":false},"author":1,"featured_media":2572,"comment_status":"closed","ping_status":"open","sticky":false,"template":"","format":"standard","meta":[],"categories":[3],"tags":[],"_links":{"self":[{"href":"https:\/\/www.batalionparasol.pl\/slo4\/wp-json\/wp\/v2\/posts\/2576"}],"collection":[{"href":"https:\/\/www.batalionparasol.pl\/slo4\/wp-json\/wp\/v2\/posts"}],"about":[{"href":"https:\/\/www.batalionparasol.pl\/slo4\/wp-json\/wp\/v2\/types\/post"}],"author":[{"embeddable":true,"href":"https:\/\/www.batalionparasol.pl\/slo4\/wp-json\/wp\/v2\/users\/1"}],"replies":[{"embeddable":true,"href":"https:\/\/www.batalionparasol.pl\/slo4\/wp-json\/wp\/v2\/comments?post=2576"}],"version-history":[{"count":8,"href":"https:\/\/www.batalionparasol.pl\/slo4\/wp-json\/wp\/v2\/posts\/2576\/revisions"}],"predecessor-version":[{"id":7071,"href":"https:\/\/www.batalionparasol.pl\/slo4\/wp-json\/wp\/v2\/posts\/2576\/revisions\/7071"}],"wp:featuredmedia":[{"embeddable":true,"href":"https:\/\/www.batalionparasol.pl\/slo4\/wp-json\/wp\/v2\/media\/2572"}],"wp:attachment":[{"href":"https:\/\/www.batalionparasol.pl\/slo4\/wp-json\/wp\/v2\/media?parent=2576"}],"wp:term":[{"taxonomy":"category","embeddable":true,"href":"https:\/\/www.batalionparasol.pl\/slo4\/wp-json\/wp\/v2\/categories?post=2576"},{"taxonomy":"post_tag","embeddable":true,"href":"https:\/\/www.batalionparasol.pl\/slo4\/wp-json\/wp\/v2\/tags?post=2576"}],"curies":[{"name":"wp","href":"https:\/\/api.w.org\/{rel}","templated":true}]}}