{"id":2998,"date":"2018-02-13T16:03:23","date_gmt":"2018-02-13T15:03:23","guid":{"rendered":"http:\/\/slo4.edu.pl\/?p=2998"},"modified":"2018-07-03T13:17:22","modified_gmt":"2018-07-03T11:17:22","slug":"laureaci-matematycznego-olimpusa","status":"publish","type":"post","link":"https:\/\/www.batalionparasol.pl\/slo4\/laureaci-matematycznego-olimpusa\/","title":{"rendered":"Laureaci matematycznego Olimpusa"},"content":{"rendered":"<p>W sesji jesiennej Og\u00f3lnopolskiej Olimpiady Przedmiotowej Olimpus z matematyki tytu\u0142y laureata zdobyli\u00a0 nast\u0119puj\u0105cy uczniowie:<\/p>\n<p>&#8211; w klasach si\u00f3dmych szko\u0142y podstawowej: <strong>Maciej Karwowski &#8211; 1 miejsce w Polsce (!!!)<\/strong>, Iga Jeznacka &#8211; 2 miejsce,\u00a0 Oskar\u00a0 Po\u0142o\u0144ski, Liliana Stanek, Maja \u017bmijewska &#8211; 5 miejsce, Franek Howard &#8211; 7 miejsce, Pola W\u00f3jcik &#8211; 8 miejsce, Weronika Kostrzewa, Jakub B\u0142aszczak i Leon Jednacz &#8211; 9 miejsce, Piotr Czarnecki\u00a0 i Agata Smoli\u0144ska &#8211; 10 miejsce, Agata Tr\u0119bacz &#8211; 14 miejsce.<\/p>\n<p>&#8211; w drugich klasach gimnazjalnych: Zuzanna Szyma\u0144ska &#8211; 3 miejsce w Polsce (!), Krzysztof Wojtaszko &#8211; 4 miejsce, Tomasz Prokop &#8211; 6 miejsce, Hania Rusinek &#8211; 7 miejsce, Tomasz W\u00f3jcik &#8211; 8 miejsce, Zuzanna B\u0142aszczak &#8211; 9 miejsce, Hania Zajko &#8211; 10 miejsce, Zosia M\u0119\u017cykowska i Kamil Blacharski &#8211; 14 miejsce.<\/p>\n<p>&#8211; w trzecich klasach gimnazjalnych: Karol Wr\u00f3bel &#8211; 2 miejsce w Polsce (!!), Simon Fongang &#8211; 4 miejsce, Hania Pabi\u015b i Tadeusz Wnuk 5 miejsce, Dominika Waliszewska i Marcel \u0141y\u015b &#8211; 6 miejsce, Karolina Raczy\u0144ska\u00a0 &#8211; 7 miejsce, Micha\u0142 Brzezi\u0144ski &#8211; 10 miejsce, Zosia Szajner &#8211; 11 miejsce, Ola Karwat i Zosia Haber &#8211; 15 miejsce.<\/p>\n<p>Serdecznie gratulujemy wszystkim uczestnikom Olimpusa!<\/p>\n<p>&nbsp;<\/p>\n","protected":false},"excerpt":{"rendered":"<p>W sesji jesiennej Og\u00f3lnopolskiej Olimpiady Przedmiotowej Olimpus z matematyki tytu\u0142y laureata zdobyli\u00a0 nast\u0119puj\u0105cy uczniowie: &#8211; w klasach si\u00f3dmych szko\u0142y podstawowej: Maciej Karwowski &#8211; 1 miejsce w Polsce (!!!), Iga Jeznacka &#8211; 2 miejsce,\u00a0 Oskar\u00a0 Po\u0142o\u0144ski, Liliana Stanek, Maja \u017bmijewska &#8211; 5 miejsce, Franek Howard &#8211; 7 miejsce, Pola W\u00f3jcik &#8211; <a href=\"https:\/\/www.batalionparasol.pl\/slo4\/laureaci-matematycznego-olimpusa\/\" class=\"read-more\">(czytaj wi\u0119cej &#8230;)<\/a><\/p>\n","protected":false},"author":1,"featured_media":2999,"comment_status":"closed","ping_status":"open","sticky":false,"template":"","format":"standard","meta":[],"categories":[3],"tags":[],"_links":{"self":[{"href":"https:\/\/www.batalionparasol.pl\/slo4\/wp-json\/wp\/v2\/posts\/2998"}],"collection":[{"href":"https:\/\/www.batalionparasol.pl\/slo4\/wp-json\/wp\/v2\/posts"}],"about":[{"href":"https:\/\/www.batalionparasol.pl\/slo4\/wp-json\/wp\/v2\/types\/post"}],"author":[{"embeddable":true,"href":"https:\/\/www.batalionparasol.pl\/slo4\/wp-json\/wp\/v2\/users\/1"}],"replies":[{"embeddable":true,"href":"https:\/\/www.batalionparasol.pl\/slo4\/wp-json\/wp\/v2\/comments?post=2998"}],"version-history":[{"count":5,"href":"https:\/\/www.batalionparasol.pl\/slo4\/wp-json\/wp\/v2\/posts\/2998\/revisions"}],"predecessor-version":[{"id":3561,"href":"https:\/\/www.batalionparasol.pl\/slo4\/wp-json\/wp\/v2\/posts\/2998\/revisions\/3561"}],"wp:featuredmedia":[{"embeddable":true,"href":"https:\/\/www.batalionparasol.pl\/slo4\/wp-json\/wp\/v2\/media\/2999"}],"wp:attachment":[{"href":"https:\/\/www.batalionparasol.pl\/slo4\/wp-json\/wp\/v2\/media?parent=2998"}],"wp:term":[{"taxonomy":"category","embeddable":true,"href":"https:\/\/www.batalionparasol.pl\/slo4\/wp-json\/wp\/v2\/categories?post=2998"},{"taxonomy":"post_tag","embeddable":true,"href":"https:\/\/www.batalionparasol.pl\/slo4\/wp-json\/wp\/v2\/tags?post=2998"}],"curies":[{"name":"wp","href":"https:\/\/api.w.org\/{rel}","templated":true}]}}