{"id":309,"date":"2012-04-04T09:11:21","date_gmt":"2012-04-04T07:11:21","guid":{"rendered":"http:\/\/slo4.nazwa.pl\/?p=309"},"modified":"2018-05-20T22:10:22","modified_gmt":"2018-05-20T20:10:22","slug":"wyjazd-do-paryza","status":"publish","type":"post","link":"https:\/\/www.batalionparasol.pl\/slo4\/wyjazd-do-paryza\/","title":{"rendered":"Wyjazd do Pary\u017ca"},"content":{"rendered":"<p>Od 5 do 10 marca\u00a0 2012 r. uczniowie klas gimnazjalnych, ucz\u0105cy si\u0119 j\u0119zyka francuskiego, wzi\u0119li udzia\u0142 w edukacyjnym wyje\u017adzie do Pary\u017ca, stolicy Francji. Tematem wyprawy by\u0142o poszukiwanie polskich \u015blad\u00f3w w tym mie\u015bcie. Uczniowie, podzieleni na grupy, mieli za zadanie przygotowa\u0107 referaty o wybranych zabytkach, co bez trudu uda\u0142o im si\u0119 zrealizowa\u0107.<\/p>\n<p><!--more--><\/p>\n<p>Opr\u00f3cz wiedzy historycznej na temat odwiedzanych przez nas miejsc zyskali\u015bmy co\u015b wi\u0119cej: prof Maria Budzik, prof. Krystyna Ucha\u0144ska i prof. Danuta Bujakiewicz zapozna\u0142y nas z &#8222;klimatami Pary\u017ca&#8221;! Byli\u015bmy zauroczeni.<\/p>\n<p>Dzi\u0119kujemy!<\/p>\n","protected":false},"excerpt":{"rendered":"<p>Od 5 do 10 marca\u00a0 2012 r. uczniowie klas gimnazjalnych, ucz\u0105cy si\u0119 j\u0119zyka francuskiego, wzi\u0119li udzia\u0142 w edukacyjnym wyje\u017adzie do Pary\u017ca, stolicy Francji. Tematem wyprawy by\u0142o poszukiwanie polskich \u015blad\u00f3w w tym mie\u015bcie. Uczniowie, podzieleni na grupy, mieli za zadanie przygotowa\u0107 referaty o wybranych zabytkach, co bez trudu uda\u0142o im si\u0119 <a href=\"https:\/\/www.batalionparasol.pl\/slo4\/wyjazd-do-paryza\/\" class=\"read-more\">(czytaj wi\u0119cej &#8230;)<\/a><\/p>\n","protected":false},"author":1,"featured_media":162,"comment_status":"closed","ping_status":"open","sticky":false,"template":"","format":"standard","meta":[],"categories":[45],"tags":[],"_links":{"self":[{"href":"https:\/\/www.batalionparasol.pl\/slo4\/wp-json\/wp\/v2\/posts\/309"}],"collection":[{"href":"https:\/\/www.batalionparasol.pl\/slo4\/wp-json\/wp\/v2\/posts"}],"about":[{"href":"https:\/\/www.batalionparasol.pl\/slo4\/wp-json\/wp\/v2\/types\/post"}],"author":[{"embeddable":true,"href":"https:\/\/www.batalionparasol.pl\/slo4\/wp-json\/wp\/v2\/users\/1"}],"replies":[{"embeddable":true,"href":"https:\/\/www.batalionparasol.pl\/slo4\/wp-json\/wp\/v2\/comments?post=309"}],"version-history":[{"count":6,"href":"https:\/\/www.batalionparasol.pl\/slo4\/wp-json\/wp\/v2\/posts\/309\/revisions"}],"predecessor-version":[{"id":3380,"href":"https:\/\/www.batalionparasol.pl\/slo4\/wp-json\/wp\/v2\/posts\/309\/revisions\/3380"}],"wp:featuredmedia":[{"embeddable":true,"href":"https:\/\/www.batalionparasol.pl\/slo4\/wp-json\/wp\/v2\/media\/162"}],"wp:attachment":[{"href":"https:\/\/www.batalionparasol.pl\/slo4\/wp-json\/wp\/v2\/media?parent=309"}],"wp:term":[{"taxonomy":"category","embeddable":true,"href":"https:\/\/www.batalionparasol.pl\/slo4\/wp-json\/wp\/v2\/categories?post=309"},{"taxonomy":"post_tag","embeddable":true,"href":"https:\/\/www.batalionparasol.pl\/slo4\/wp-json\/wp\/v2\/tags?post=309"}],"curies":[{"name":"wp","href":"https:\/\/api.w.org\/{rel}","templated":true}]}}