{"id":330,"date":"2012-06-20T12:55:48","date_gmt":"2012-06-20T10:55:48","guid":{"rendered":"http:\/\/slo4.nazwa.pl\/?p=330"},"modified":"2018-05-20T22:20:45","modified_gmt":"2018-05-20T20:20:45","slug":"byc-w-katyniu-obowiazek-kazdego-polaka","status":"publish","type":"post","link":"https:\/\/www.batalionparasol.pl\/slo4\/byc-w-katyniu-obowiazek-kazdego-polaka\/","title":{"rendered":"By\u0107 w Katyniu &#8211; obowi\u0105zek ka\u017cdego Polaka"},"content":{"rendered":"<p>Na prze\u0142omie maja i czerwca grupa m\u0142odzie\u017cy ze Spo\u0142ecznego Liceum Og\u00f3lnokszta\u0142c\u0105cego nr 4 im. Batalionu AK \u201eParasol\u201d i Gimnazjum pod opiek\u0105 swych nauczycieli uda\u0142a si\u0119 autokarem na pielgrzymk\u0119 do dw\u00f3ch miejsc szczeg\u00f3lnie wa\u017cnych dla polskiej pami\u0119ci historycznej \u2013 u\u015bwi\u0119conego m\u0119cze\u0144stwem rodak\u00f3w Katynia i Smole\u0144ska.<\/p>\n<p><!--more--><\/p>\n<p>M\u0142odzie\u017c z\u0142o\u017cy\u0142a wie\u0144ce i zapali\u0142a znicze w miejscu masowych mord\u00f3w dokonanych w 1940 r. na przedwojennych oficerach Wojska Polskiego oraz w miejscu katastrofy prezydenckiego samolotu w pobli\u017cu lotniska Siewiernyj pod Smole\u0144skiem.<\/p>\n<p>Atmosfera obu wizyt by\u0142a, zgodnie z oczekiwaniami, podnios\u0142a. Gdy na cmentarzu wojennym w Katyniu zabrzmia\u0142 dzwon wmurowany w \u015bcian\u0119 memoria\u0142u, wszyscy pogr\u0105\u017cyli si\u0119 w modlitwie. Chwil\u0119 p\u00f3\u017aniej, po od\u015bpiewaniu Mazurka D\u0105browskiego, Weronika Bie\u0144kowska, uczennica kl. II gimnazjum, powiedzia\u0142a wiersz Zbigniewa Herberta \u201ePrzes\u0142anie Pana Cogito\u201d, b\u0119d\u0105cy swoistym testamentem m\u0119czennik\u00f3w \u015bwi\u0119tej sprawy polskiej \u2013 ludzi, kt\u00f3rzy mimo zbrodniczych prze\u015bladowa\u0144 ze strony NKWD nie wyrzekli si\u0119 Ojczyzny, a trwaj\u0105c w swej niez\u0142omnej heroicznej postawie do\u0142\u0105czyli do \u201egrona zimnych czaszek [\u2026] Gilgamesza, Hektora, Rolanda\u2026\u201d<\/p>\n<p>Przebywaj\u0105c w pobli\u017cu lotniska Siewiernyj m\u0142odzie\u017c mia\u0142a mo\u017cliwo\u015b\u0107 by\u0107 w rejonie katastrofy sprzed dw\u00f3ch lat i ugruntowa\u0107 swoje wyobra\u017cenia na jej temat. W wyst\u0105pieniu dyrektor Barbara Wetesko wspomina\u0142a w spos\u00f3b szczeg\u00f3lny tych spo\u015br\u00f3d pasa\u017cer\u00f3w Tu-154 M, kt\u00f3rzy zwi\u0105zani byli ze szko\u0142\u0105 wi\u0119zami przyja\u017ani: ostatniego prezydenta RP na Uchod\u017astwie Ryszarda Kaczorowskiego, Biskupa Polowego Wojska Polskiego Tadeusza P\u0142oskiego, Przewodnicz\u0105cego Rady Ochrony Pami\u0119ci, Walk i M\u0119cze\u0144stwa Andrzeja Przewo\u017anika oraz Stefana Melaka &#8211; Przewodnicz\u0105cego Komitetu Katy\u0144skiego.<\/p>\n<p>Ca\u0142a wyprawa opatrzona by\u0142a rozlicznymi wyk\u0142adami nauczycieli oraz wyst\u0105pieniami m\u0142odzie\u017cy, a w czasie d\u0142ugich przejazd\u00f3w autokarowych \u2013 podr\u00f3\u017c odbywa\u0142a si\u0119 przez Litw\u0119 i \u0141otw\u0119 \u2013 emitowane by\u0142y filmy przybli\u017caj\u0105ce miejsca, postacie i zagadnienia, wywo\u0142ane duchem mijanych miejsc. I tak na przyk\u0142ad nauczyciel historii prof. Robert Czy\u017cewski niezwykle zajmuj\u0105co opowiada\u0142 na terenie pskowskiego kremla o republikach kupieckich w Rosji oraz o Iwanie Gro\u017anym, natomiast prof. Jacek Gorzkowski, w czasie spaceru urokliwymi uliczkami ryskiej star\u00f3wki wyg\u0142osi\u0142 doskona\u0142\u0105 syntez\u0119 historii \u0141otwy.<\/p>\n<p>Chcia\u0142bym na koniec wyrazi\u0107 osobist\u0105 nadziej\u0119, i\u017c tradycja pielgrzymek do Katynia i Smole\u0144ska oka\u017ce si\u0119 zjawiskiem trwa\u0142ym i wielu jeszcze uczni\u00f3w ze Spo\u0142ecznego LO nr 4 i Gimnazjum b\u0119dzie mia\u0142o okazj\u0119 ch\u0142on\u0105\u0107 histori\u0119 tam, gdzie si\u0119 ona tworzy\u0142a.<\/p>\n<p>Dominik Szcz\u0119sny-Kostanecki<br \/>\n(absolwent Spo\u0142ecznego LO nr 4, laureat Olimpiady Historycznej)<\/p>\n","protected":false},"excerpt":{"rendered":"<p>Na prze\u0142omie maja i czerwca grupa m\u0142odzie\u017cy ze Spo\u0142ecznego Liceum Og\u00f3lnokszta\u0142c\u0105cego nr 4 im. Batalionu AK \u201eParasol\u201d i Gimnazjum pod opiek\u0105 swych nauczycieli uda\u0142a si\u0119 autokarem na pielgrzymk\u0119 do dw\u00f3ch miejsc szczeg\u00f3lnie wa\u017cnych dla polskiej pami\u0119ci historycznej \u2013 u\u015bwi\u0119conego m\u0119cze\u0144stwem rodak\u00f3w Katynia i Smole\u0144ska.<\/p>\n","protected":false},"author":1,"featured_media":179,"comment_status":"closed","ping_status":"open","sticky":false,"template":"","format":"standard","meta":[],"categories":[45],"tags":[],"_links":{"self":[{"href":"https:\/\/www.batalionparasol.pl\/slo4\/wp-json\/wp\/v2\/posts\/330"}],"collection":[{"href":"https:\/\/www.batalionparasol.pl\/slo4\/wp-json\/wp\/v2\/posts"}],"about":[{"href":"https:\/\/www.batalionparasol.pl\/slo4\/wp-json\/wp\/v2\/types\/post"}],"author":[{"embeddable":true,"href":"https:\/\/www.batalionparasol.pl\/slo4\/wp-json\/wp\/v2\/users\/1"}],"replies":[{"embeddable":true,"href":"https:\/\/www.batalionparasol.pl\/slo4\/wp-json\/wp\/v2\/comments?post=330"}],"version-history":[{"count":6,"href":"https:\/\/www.batalionparasol.pl\/slo4\/wp-json\/wp\/v2\/posts\/330\/revisions"}],"predecessor-version":[{"id":3387,"href":"https:\/\/www.batalionparasol.pl\/slo4\/wp-json\/wp\/v2\/posts\/330\/revisions\/3387"}],"wp:featuredmedia":[{"embeddable":true,"href":"https:\/\/www.batalionparasol.pl\/slo4\/wp-json\/wp\/v2\/media\/179"}],"wp:attachment":[{"href":"https:\/\/www.batalionparasol.pl\/slo4\/wp-json\/wp\/v2\/media?parent=330"}],"wp:term":[{"taxonomy":"category","embeddable":true,"href":"https:\/\/www.batalionparasol.pl\/slo4\/wp-json\/wp\/v2\/categories?post=330"},{"taxonomy":"post_tag","embeddable":true,"href":"https:\/\/www.batalionparasol.pl\/slo4\/wp-json\/wp\/v2\/tags?post=330"}],"curies":[{"name":"wp","href":"https:\/\/api.w.org\/{rel}","templated":true}]}}