{"id":5648,"date":"2021-09-22T14:52:55","date_gmt":"2021-09-22T12:52:55","guid":{"rendered":"http:\/\/slo4.edu.pl\/?p=5648"},"modified":"2021-11-10T13:59:31","modified_gmt":"2021-11-10T12:59:31","slug":"rajd-sladami-krzysztofa-kamila-baczynskiego","status":"publish","type":"post","link":"https:\/\/www.batalionparasol.pl\/slo4\/rajd-sladami-krzysztofa-kamila-baczynskiego\/","title":{"rendered":"Rajd \u015bladami Krzysztofa Kamila Baczy\u0144skiego"},"content":{"rendered":"<p>Rajd zosta\u0142 zaplanowany na sobot\u0119 18 wrze\u015bnia 2021 roku w zwi\u0105zku z og\u0142oszeniem przez Sejm Rzeczypospolitej Polskiej roku 1921 Rokiem Krzysztofa Kamila Baczy\u0144skiego.<\/p>\n<p>Pierwszym celem Rajdu by\u0142a popularyzacja oraz utrwalenie pami\u0119ci o \u017co\u0142nierzach, czynach i historii harcerskich batalion\u00f3w &#8222;Zo\u015bka&#8221; i &#8222;Parasol&#8221;. Drugim celem &#8211; upowszechnienie w\u015br\u00f3d m\u0142odzie\u017cy\u00a0 wiedzy o \u017cyciu, roli i udziale Krzysztofa Kamila Baczy\u0144skiego w konspiracji w szeregach batalionu &#8222;Zo\u015bka&#8221; oraz w Powstaniu Warszawskim jako \u017co\u0142nierza Batalionu &#8222;Parasol&#8221;.<\/p>\n<p>Organizatorem Rajdu by\u0142 Spo\u0142ecznym Komitet Opieki nad Grobami Poleg\u0142ych \u017bo\u0142nierzy Batalion\u00f3w \u201eZo\u015bka\u201d i \u201eParasol\u201d.<\/p>\n<p>Dzi\u0119kujemy panu profesorowi Jackowi Kalacie za przygotowanie naszych dru\u017cyn do udzia\u0142u w tym wydarzeniu i za opiek\u0119 podczas przejazdu ulicami Warszawy.<\/p>\n<p><img decoding=\"async\" loading=\"lazy\" class=\"aligncenter size-large wp-image-5734\" src=\"http:\/\/batalionparasol.pl\/slo4\/wp-content\/uploads\/2021\/11\/dyplom-Baczynski-1024x704.jpg\" alt=\"\" width=\"640\" height=\"440\" srcset=\"https:\/\/www.batalionparasol.pl\/slo4\/wp-content\/uploads\/2021\/11\/dyplom-Baczynski-1024x704.jpg 1024w, https:\/\/www.batalionparasol.pl\/slo4\/wp-content\/uploads\/2021\/11\/dyplom-Baczynski-300x206.jpg 300w, https:\/\/www.batalionparasol.pl\/slo4\/wp-content\/uploads\/2021\/11\/dyplom-Baczynski-768x528.jpg 768w, https:\/\/www.batalionparasol.pl\/slo4\/wp-content\/uploads\/2021\/11\/dyplom-Baczynski-360x248.jpg 360w, https:\/\/www.batalionparasol.pl\/slo4\/wp-content\/uploads\/2021\/11\/dyplom-Baczynski.jpg 1280w\" sizes=\"(max-width: 640px) 100vw, 640px\" \/><\/p>\n<p>Kilka zdj\u0119\u0107 z trasy Rajdu \u015bladami Krzysztofa Kamila Baczy\u0144skiego:<\/p>\n<p>&nbsp;<\/p>\n<div id='gallery-1' class='gallery galleryid-5648 gallery-columns-3 gallery-size-thumbnail'><figure class='gallery-item'>\n\t\t\t<div class='gallery-icon landscape'>\n\t\t\t\t<a href='https:\/\/www.batalionparasol.pl\/slo4\/wp-content\/uploads\/2021\/09\/thumbnail_IMG_1793.jpg'><img width=\"150\" height=\"150\" src=\"https:\/\/www.batalionparasol.pl\/slo4\/wp-content\/uploads\/2021\/09\/thumbnail_IMG_1793-150x150.jpg\" class=\"attachment-thumbnail size-thumbnail\" alt=\"\" decoding=\"async\" loading=\"lazy\" \/><\/a>\n\t\t\t<\/div><\/figure><figure class='gallery-item'>\n\t\t\t<div class='gallery-icon landscape'>\n\t\t\t\t<a href='https:\/\/www.batalionparasol.pl\/slo4\/wp-content\/uploads\/2021\/09\/thumbnail_IMG_1788.jpg'><img width=\"150\" height=\"150\" src=\"https:\/\/www.batalionparasol.pl\/slo4\/wp-content\/uploads\/2021\/09\/thumbnail_IMG_1788-150x150.jpg\" class=\"attachment-thumbnail size-thumbnail\" alt=\"\" decoding=\"async\" loading=\"lazy\" \/><\/a>\n\t\t\t<\/div><\/figure><figure class='gallery-item'>\n\t\t\t<div class='gallery-icon landscape'>\n\t\t\t\t<a href='https:\/\/www.batalionparasol.pl\/slo4\/wp-content\/uploads\/2021\/09\/thumbnail_IMG_1792.jpg'><img width=\"150\" height=\"150\" src=\"https:\/\/www.batalionparasol.pl\/slo4\/wp-content\/uploads\/2021\/09\/thumbnail_IMG_1792-150x150.jpg\" class=\"attachment-thumbnail size-thumbnail\" alt=\"\" decoding=\"async\" loading=\"lazy\" \/><\/a>\n\t\t\t<\/div><\/figure><figure class='gallery-item'>\n\t\t\t<div class='gallery-icon landscape'>\n\t\t\t\t<a href='https:\/\/www.batalionparasol.pl\/slo4\/wp-content\/uploads\/2021\/09\/thumbnail_IMG_1782.jpg'><img width=\"150\" height=\"150\" src=\"https:\/\/www.batalionparasol.pl\/slo4\/wp-content\/uploads\/2021\/09\/thumbnail_IMG_1782-150x150.jpg\" class=\"attachment-thumbnail size-thumbnail\" alt=\"\" decoding=\"async\" loading=\"lazy\" \/><\/a>\n\t\t\t<\/div><\/figure><figure class='gallery-item'>\n\t\t\t<div class='gallery-icon landscape'>\n\t\t\t\t<a href='https:\/\/www.batalionparasol.pl\/slo4\/wp-content\/uploads\/2021\/09\/thumbnail_IMG_1783.jpg'><img width=\"150\" height=\"150\" src=\"https:\/\/www.batalionparasol.pl\/slo4\/wp-content\/uploads\/2021\/09\/thumbnail_IMG_1783-150x150.jpg\" class=\"attachment-thumbnail size-thumbnail\" alt=\"\" decoding=\"async\" loading=\"lazy\" \/><\/a>\n\t\t\t<\/div><\/figure><figure class='gallery-item'>\n\t\t\t<div class='gallery-icon landscape'>\n\t\t\t\t<a href='https:\/\/www.batalionparasol.pl\/slo4\/wp-content\/uploads\/2021\/09\/thumbnail_IMG_1801.jpg'><img width=\"150\" height=\"150\" src=\"https:\/\/www.batalionparasol.pl\/slo4\/wp-content\/uploads\/2021\/09\/thumbnail_IMG_1801-150x150.jpg\" class=\"attachment-thumbnail size-thumbnail\" alt=\"\" decoding=\"async\" loading=\"lazy\" \/><\/a>\n\t\t\t<\/div><\/figure>\n\t\t<\/div>\n\n<p>&nbsp;<\/p>\n","protected":false},"excerpt":{"rendered":"<p>Rajd zosta\u0142 zaplanowany na sobot\u0119 18 wrze\u015bnia 2021 roku w zwi\u0105zku z og\u0142oszeniem przez Sejm Rzeczypospolitej Polskiej roku 1921 Rokiem Krzysztofa Kamila Baczy\u0144skiego. Pierwszym celem Rajdu by\u0142a popularyzacja oraz utrwalenie pami\u0119ci o \u017co\u0142nierzach, czynach i historii harcerskich batalion\u00f3w &#8222;Zo\u015bka&#8221; i &#8222;Parasol&#8221;. Drugim celem &#8211; upowszechnienie w\u015br\u00f3d m\u0142odzie\u017cy\u00a0 wiedzy o \u017cyciu, <a href=\"https:\/\/www.batalionparasol.pl\/slo4\/rajd-sladami-krzysztofa-kamila-baczynskiego\/\" class=\"read-more\">(czytaj wi\u0119cej &#8230;)<\/a><\/p>\n","protected":false},"author":1,"featured_media":5642,"comment_status":"closed","ping_status":"open","sticky":false,"template":"","format":"standard","meta":[],"categories":[3],"tags":[],"_links":{"self":[{"href":"https:\/\/www.batalionparasol.pl\/slo4\/wp-json\/wp\/v2\/posts\/5648"}],"collection":[{"href":"https:\/\/www.batalionparasol.pl\/slo4\/wp-json\/wp\/v2\/posts"}],"about":[{"href":"https:\/\/www.batalionparasol.pl\/slo4\/wp-json\/wp\/v2\/types\/post"}],"author":[{"embeddable":true,"href":"https:\/\/www.batalionparasol.pl\/slo4\/wp-json\/wp\/v2\/users\/1"}],"replies":[{"embeddable":true,"href":"https:\/\/www.batalionparasol.pl\/slo4\/wp-json\/wp\/v2\/comments?post=5648"}],"version-history":[{"count":9,"href":"https:\/\/www.batalionparasol.pl\/slo4\/wp-json\/wp\/v2\/posts\/5648\/revisions"}],"predecessor-version":[{"id":5736,"href":"https:\/\/www.batalionparasol.pl\/slo4\/wp-json\/wp\/v2\/posts\/5648\/revisions\/5736"}],"wp:featuredmedia":[{"embeddable":true,"href":"https:\/\/www.batalionparasol.pl\/slo4\/wp-json\/wp\/v2\/media\/5642"}],"wp:attachment":[{"href":"https:\/\/www.batalionparasol.pl\/slo4\/wp-json\/wp\/v2\/media?parent=5648"}],"wp:term":[{"taxonomy":"category","embeddable":true,"href":"https:\/\/www.batalionparasol.pl\/slo4\/wp-json\/wp\/v2\/categories?post=5648"},{"taxonomy":"post_tag","embeddable":true,"href":"https:\/\/www.batalionparasol.pl\/slo4\/wp-json\/wp\/v2\/tags?post=5648"}],"curies":[{"name":"wp","href":"https:\/\/api.w.org\/{rel}","templated":true}]}}