{"id":5693,"date":"2021-10-11T16:24:44","date_gmt":"2021-10-11T14:24:44","guid":{"rendered":"http:\/\/slo4.edu.pl\/?p=5693"},"modified":"2021-10-22T17:06:14","modified_gmt":"2021-10-22T15:06:14","slug":"na-wieczna-warte-odszedl-dilma","status":"publish","type":"post","link":"https:\/\/www.batalionparasol.pl\/slo4\/na-wieczna-warte-odszedl-dilma\/","title":{"rendered":"Na wieczn\u0105 wart\u0119 odszed\u0142 Dilma"},"content":{"rendered":"<p>W niedziel\u0119 10 pa\u017adziernika zmar\u0142 Witold S\u0142awski, pseudonim \u201eS\u0142awek\u201d, \u201eDilma\u201d &#8211; \u017co\u0142nierz Batalionu AK \u201eParasol\u201d, uczestnik Powstania Warszawskiego, naoczny \u015bwiadek \u015bmierci Krzysztofa Kamila Baczy\u0144skiego. Wielki przyjaciel ursynowskiego Spo\u0142ecznego Liceum Og\u00f3lnokszta\u0142c\u0105cego nr 4 im. Batalionu AK \u201eParasol\u201d, jeszcze z czas\u00f3w, zanim szko\u0142a przyj\u0119\u0142a imi\u0119 tego legendarnego oddzia\u0142u.<\/p>\n<p>Urodzi\u0142 si\u0119 w roku 1924. W czasie okupacji hitlerowskiej ju\u017c jako 16-letni ch\u0142opiec zaanga\u017cowa\u0142 si\u0119 w dzia\u0142alno\u015b\u0107 konspiracyjn\u0105 w Szarych Szeregach. Bra\u0142 udzia\u0142 w akcjach \u201ema\u0142ego sabota\u017cu\u201d. W roku 1944 zosta\u0142 \u017co\u0142nierzem Batalionu AK \u201eParasol\u201d. W dniu 1 sierpnia mieszkanie jego wuja przy Placu Teatralnym by\u0142o skrzynk\u0105 kontaktow\u0105 przed s\u0142ynn\u0105 Godzin\u0105 \u201eW\u201d. W\u015br\u00f3d \u017co\u0142nierzy, kt\u00f3rych tam przyj\u0105\u0142 i przenocowa\u0142 \u201eS\u0142awek\u201d by\u0142 poeta Krzysztof Kamil Baczy\u0144ski ps.&#8221;Krzysztof&#8221;. Zebrani wzi\u0119li potem udzia\u0142 w zdobywaniu i obronie Pa\u0142acu Blanka. Tam w dniu 4 sierpnia \u201eS\u0142awek\u201d by\u0142 naocznym \u015bwiadkiem \u015bmierci Baczy\u0144skiego:<\/p>\n<blockquote><p>\u201eWbiegli\u015bmy na pierwsze pi\u0119tro pa\u0142acyku Blanka By\u0142 tam du\u017cy hol, a dalej korytarz wzd\u0142u\u017c Dani\u0142owiczowskiej. Ten korytarz prowadzi\u0142 w\u0142a\u015bnie do gmachu, do kt\u00f3rego obaj biegli\u015bmy. \u201eKrzysztof\u201d chyba na chwil\u0119 przystan\u0105\u0142 przy oknie od placu Teatralnego, naprzeciwko wylotu korytarza. Le\u017ca\u0142 pod oknem z przestrzelon\u0105 g\u0142ow\u0105. To si\u0119 dzia\u0142o ko\u0142o jedenastej, dwunastej. Ja pobieg\u0142em dalej \u2013 nie wiedzia\u0142em, \u017ce zgin\u0105\u0142. Pochowano go na dziedzi\u0144cu ratusza \u2013 na tym dziedzi\u0144cu, gdzie jest wie\u017ca zegarowa.\u201d<\/p><\/blockquote>\n<p>Dalszy szlak powsta\u0144czy \u201eS\u0142awka\u201d to by\u0142a Wola, Stare Miasto, Czerniak\u00f3w &#8211; miejsca, gdzie toczy\u0142y si\u0119 najci\u0119\u017csze walki. Mia\u0142 r\u00f3wnie\u017c do\u015bwiadczenie w przemieszczaniu si\u0119 kana\u0142ami:<\/p>\n<blockquote><p>\u201eW\u0119dr\u00f3wka przez kana\u0142y to osobny fragment. Trwa\u0142a kilka godzin w warunkach nie do odtworzenia. Wchodzi\u0142em do kana\u0142u na placu Krasi\u0144skich przy ulicy D\u0142ugiej. Ten kana\u0142 bieg\u0142 pod Miodow\u0105, pod Krakowskim Przedmie\u015bciem. Dalej szli\u015bmy odnog\u0105, by wyj\u015b\u0107 na Wareck\u0105 przy Nowym \u015awiecie. Pierwszy odcinek by\u0142 nawet dobry, bo mo\u017cna by\u0142o go przej\u015b\u0107 w pozycji wyprostowanej. Ale nawet wtedy sz\u0142o si\u0119 powoli. Trzeba uwzgl\u0119dni\u0107 warunki. D\u017awigali\u015bmy bro\u0144, pomagali\u015bmy i\u015b\u0107 rannym, a byli to powa\u017cnie ranni, bo lekko ranni pozostawali w\u015br\u00f3d walcz\u0105cych do ostatka. Niekt\u00f3rych rannych trzeba wi\u0119c by\u0142o nie\u015b\u0107. Z takim obci\u0105\u017ceniem brn\u0119li\u015bmy przez kana\u0142, kt\u00f3rym co\u015b p\u0142yn\u0119\u0142o. Woda, \u015bcieki. Mia\u0142em wysokie buty, wi\u0119c nie nalewa\u0142o mi si\u0119 od g\u00f3ry, ale kto mia\u0142 kr\u00f3tkie, to szed\u0142 z pe\u0142nymi. Przechodzili\u015bmy pod otwartymi w\u0142azami \u2013 chyba na Krakowskim Przedmie\u015bciu&#8230; Ciemno, \u015bwiat\u0142a \u017cadnego, cisza musia\u0142a by\u0107, je\u015bli to tylko by\u0142o mo\u017cliwe. Jednak nie zawsze dawa\u0142o si\u0119 j\u0105 zachowa\u0107. Ranni, kt\u00f3rych nie\u015bli\u015bmy na plecach, nie byli w stanie si\u0119 powstrzyma\u0107 A pod tymi w\u0142azami trzeba by\u0142o uwa\u017ca\u0107, zachowywa\u0107 si\u0119 jak najciszej, bo Niemcy wrzucali z g\u00f3ry wi\u0105zki granat\u00f3w. Po jakim\u015b czasie, kt\u00f3ry wydawa\u0142 si\u0119 niesko\u0144czenie d\u0142ugi, dochodzi\u0142o si\u0119 do odnogi kana\u0142u prowadz\u0105cego na Wareck\u0105 i tu zaczyna\u0142o ju\u017c by\u0107 bardzo \u017ale. Mo\u017cna by\u0142o i\u015b\u0107 tylko zgi\u0119tym w p\u00f3\u0142. A je\u017celi pomaga\u0142o si\u0119 komu\u015b, nios\u0142o si\u0119 nosze, to trudno by\u0142o si\u0119 zmie\u015bci\u0107. Kana\u0142 mia\u0142 mo\u017ce metr, mo\u017ce metr dziesi\u0119\u0107 wysoko\u015bci, te\u017c by\u0142 pe\u0142ny \u015bciek\u00f3w, \u015bciany mia\u0142 o\u015bliz\u0142e. Oprze\u0107 si\u0119 nie by\u0142o jak, bo si\u0119 wszystko ze\u015blizgiwa\u0142o po tym szlamie. Tak brn\u0119li\u015bmy par\u0119 godzin. Ten marsz by\u0142 bardzo d\u0142ugi. Nie mierzy\u0142em czasu, ale przypuszczam, \u017ce to trwa\u0142o gdzie\u015b ko\u0142o o\u015bmiu godzin, mo\u017ce d\u0142u\u017cej. \u0141\u0105cznie z przerwami, bo si\u0119 sta\u0142o, czeka\u0142o, a\u017c si\u0119 zwolni odcinek przed nami, dop\u0142ynie sk\u0105d\u015b troch\u0119 powietrza, sko\u0144cz\u0105 si\u0119 wybuchy granat\u00f3w przy studzienkach. To by\u0142o piek\u0142o. Wychodzi\u0142o si\u0119 na Wareckiej. Pami\u0119tam to do dzi\u015b. Wyszed\u0142em z tego kana\u0142u brudny, \u015bmierdz\u0105cy i pierwsze, co zobaczy\u0142em, to by\u0142y czy\u015bciutkie buty. Bo najpierw zobaczy\u0142em te buty i ogarn\u0119\u0142o mnie z\u0142udne uczucie, \u017ce tu taki spok\u00f3j. Cz\u0142owiek wy\u0142azi\u0142 po tej drabince, po tych szczeblach resztk\u0105 si\u0142 i jak tylko wytkn\u0119\u0142o si\u0119 g\u0142ow\u0119 nad w\u0142az, wida\u0107 by\u0142o poziom jezdni. By\u0142a taka cisza, wiaterek przedmuchiwa\u0142, \u017cadnych strza\u0142\u00f3w, \u017cadnych Niemc\u00f3w. I te buty czy\u015bciutkie, wymuskane.\u201d \u2013 wspomina\u0142.<\/p><\/blockquote>\n<p>Na Czerniakowie zosta\u0142 ci\u0119\u017cko ranny w klatk\u0119 piersiow\u0105 i dolne ko\u0144czyny, mimo to uda\u0142o mu si\u0119 przeprawi\u0107 przez Wis\u0142\u0119 i uratowa\u0107. Prawie p\u00f3\u0142 roku trwa\u0142a jego rekonwalescencja szpitalna.<\/p>\n<figure id=\"attachment_5694\" aria-describedby=\"caption-attachment-5694\" style=\"width: 259px\" class=\"wp-caption aligncenter\"><a href=\"http:\/\/batalionparasol.pl\/slo4\/wp-content\/uploads\/2021\/10\/Dilma.jpg\"><img decoding=\"async\" loading=\"lazy\" class=\"wp-image-5694 size-medium\" src=\"http:\/\/batalionparasol.pl\/slo4\/wp-content\/uploads\/2021\/10\/Dilma-259x300.jpg\" alt=\"Witold S\u0142awski podczas uroczysto\u015bci szkolnych w SLO4.\" width=\"259\" height=\"300\" srcset=\"https:\/\/www.batalionparasol.pl\/slo4\/wp-content\/uploads\/2021\/10\/Dilma-259x300.jpg 259w, https:\/\/www.batalionparasol.pl\/slo4\/wp-content\/uploads\/2021\/10\/Dilma-768x890.jpg 768w, https:\/\/www.batalionparasol.pl\/slo4\/wp-content\/uploads\/2021\/10\/Dilma-233x270.jpg 233w, https:\/\/www.batalionparasol.pl\/slo4\/wp-content\/uploads\/2021\/10\/Dilma.jpg 840w\" sizes=\"(max-width: 259px) 100vw, 259px\" \/><\/a><figcaption id=\"caption-attachment-5694\" class=\"wp-caption-text\">Witold S\u0142awski podczas uroczysto\u015bci szkolnych w SLO4.<\/figcaption><\/figure>\n<p>Mieli\u015bmy zaszczyt i przywilej pozna\u0107 \u201eDilm\u0119\u201d i wielokrotnie go\u015bci\u0107 go na Hawajskiej. W postawie tego by\u0142ego \u017co\u0142nierza \u201eParasola\u201d zwraca\u0142y uwag\u0119 skromno\u015b\u0107, unikanie w wojennych wspomnieniach nadmiaru patosu i tak rzadka u \u015bwiadk\u00f3w historii \u201eoszcz\u0119dno\u015b\u0107\u2019 wypowiedzi, wa\u017cenie s\u0142\u00f3w. Sam m\u00f3wi\u0142, \u017ce najbli\u017csza mu by\u0142a postawa wyra\u017caj\u0105ca si\u0119 w s\u0142owach \u201eb\u0105d\u017a uczciwy, pomagaj, nie r\u00f3b niczego, co niegodne\u201d. I tym zasadom pozosta\u0142 wierny.<\/p>\n<p><em>Adam Hohendorff, nauczyciel j\u0119zyka polskiego<\/em><\/p>\n<figure id=\"attachment_5716\" aria-describedby=\"caption-attachment-5716\" style=\"width: 640px\" class=\"wp-caption aligncenter\"><a href=\"http:\/\/batalionparasol.pl\/slo4\/wp-content\/uploads\/2021\/10\/pogrzeb-Dilmy1.jpg\"><img decoding=\"async\" loading=\"lazy\" class=\"wp-image-5716 size-large\" src=\"http:\/\/batalionparasol.pl\/slo4\/wp-content\/uploads\/2021\/10\/pogrzeb-Dilmy1-1024x768.jpg\" alt=\"Poczet sztandarowy SLO4 podczas uroczysto\u015bci pogrzebowych 19 pa\u017adziernika.\" width=\"640\" height=\"480\" srcset=\"https:\/\/www.batalionparasol.pl\/slo4\/wp-content\/uploads\/2021\/10\/pogrzeb-Dilmy1.jpg 1024w, https:\/\/www.batalionparasol.pl\/slo4\/wp-content\/uploads\/2021\/10\/pogrzeb-Dilmy1-300x225.jpg 300w, https:\/\/www.batalionparasol.pl\/slo4\/wp-content\/uploads\/2021\/10\/pogrzeb-Dilmy1-768x576.jpg 768w, https:\/\/www.batalionparasol.pl\/slo4\/wp-content\/uploads\/2021\/10\/pogrzeb-Dilmy1-360x270.jpg 360w\" sizes=\"(max-width: 640px) 100vw, 640px\" \/><\/a><figcaption id=\"caption-attachment-5716\" class=\"wp-caption-text\">Poczet sztandarowy SLO4 podczas uroczysto\u015bci pogrzebowych 19 pa\u017adziernika.<\/figcaption><\/figure>\n<p>&nbsp;<\/p>\n<figure id=\"attachment_5715\" aria-describedby=\"caption-attachment-5715\" style=\"width: 640px\" class=\"wp-caption aligncenter\"><a href=\"http:\/\/batalionparasol.pl\/slo4\/wp-content\/uploads\/2021\/10\/pogrzeb-Dilmy.jpg\"><img decoding=\"async\" loading=\"lazy\" class=\"size-large wp-image-5715\" src=\"http:\/\/batalionparasol.pl\/slo4\/wp-content\/uploads\/2021\/10\/pogrzeb-Dilmy-1024x768.jpg\" alt=\"Poczty sztandarowe oddaj\u0105 honory \u015bp. Witoldowi S\u0142awskiemu.\" width=\"640\" height=\"480\" srcset=\"https:\/\/www.batalionparasol.pl\/slo4\/wp-content\/uploads\/2021\/10\/pogrzeb-Dilmy.jpg 1024w, https:\/\/www.batalionparasol.pl\/slo4\/wp-content\/uploads\/2021\/10\/pogrzeb-Dilmy-300x225.jpg 300w, https:\/\/www.batalionparasol.pl\/slo4\/wp-content\/uploads\/2021\/10\/pogrzeb-Dilmy-768x576.jpg 768w, https:\/\/www.batalionparasol.pl\/slo4\/wp-content\/uploads\/2021\/10\/pogrzeb-Dilmy-360x270.jpg 360w\" sizes=\"(max-width: 640px) 100vw, 640px\" \/><\/a><figcaption id=\"caption-attachment-5715\" class=\"wp-caption-text\">Poczty sztandarowe oddaj\u0105 honory \u015bp. Witoldowi S\u0142awskiemu.<\/figcaption><\/figure>\n","protected":false},"excerpt":{"rendered":"<p>W niedziel\u0119 10 pa\u017adziernika zmar\u0142 Witold S\u0142awski, pseudonim \u201eS\u0142awek\u201d, \u201eDilma\u201d &#8211; \u017co\u0142nierz Batalionu AK \u201eParasol\u201d, uczestnik Powstania Warszawskiego, naoczny \u015bwiadek \u015bmierci Krzysztofa Kamila Baczy\u0144skiego. Wielki przyjaciel ursynowskiego Spo\u0142ecznego Liceum Og\u00f3lnokszta\u0142c\u0105cego nr 4 im. Batalionu AK \u201eParasol\u201d, jeszcze z czas\u00f3w, zanim szko\u0142a przyj\u0119\u0142a imi\u0119 tego legendarnego oddzia\u0142u. Urodzi\u0142 si\u0119 w roku <a href=\"https:\/\/www.batalionparasol.pl\/slo4\/na-wieczna-warte-odszedl-dilma\/\" class=\"read-more\">(czytaj wi\u0119cej &#8230;)<\/a><\/p>\n","protected":false},"author":1,"featured_media":5698,"comment_status":"closed","ping_status":"open","sticky":false,"template":"","format":"standard","meta":[],"categories":[3],"tags":[],"_links":{"self":[{"href":"https:\/\/www.batalionparasol.pl\/slo4\/wp-json\/wp\/v2\/posts\/5693"}],"collection":[{"href":"https:\/\/www.batalionparasol.pl\/slo4\/wp-json\/wp\/v2\/posts"}],"about":[{"href":"https:\/\/www.batalionparasol.pl\/slo4\/wp-json\/wp\/v2\/types\/post"}],"author":[{"embeddable":true,"href":"https:\/\/www.batalionparasol.pl\/slo4\/wp-json\/wp\/v2\/users\/1"}],"replies":[{"embeddable":true,"href":"https:\/\/www.batalionparasol.pl\/slo4\/wp-json\/wp\/v2\/comments?post=5693"}],"version-history":[{"count":7,"href":"https:\/\/www.batalionparasol.pl\/slo4\/wp-json\/wp\/v2\/posts\/5693\/revisions"}],"predecessor-version":[{"id":5718,"href":"https:\/\/www.batalionparasol.pl\/slo4\/wp-json\/wp\/v2\/posts\/5693\/revisions\/5718"}],"wp:featuredmedia":[{"embeddable":true,"href":"https:\/\/www.batalionparasol.pl\/slo4\/wp-json\/wp\/v2\/media\/5698"}],"wp:attachment":[{"href":"https:\/\/www.batalionparasol.pl\/slo4\/wp-json\/wp\/v2\/media?parent=5693"}],"wp:term":[{"taxonomy":"category","embeddable":true,"href":"https:\/\/www.batalionparasol.pl\/slo4\/wp-json\/wp\/v2\/categories?post=5693"},{"taxonomy":"post_tag","embeddable":true,"href":"https:\/\/www.batalionparasol.pl\/slo4\/wp-json\/wp\/v2\/tags?post=5693"}],"curies":[{"name":"wp","href":"https:\/\/api.w.org\/{rel}","templated":true}]}}