{"id":5728,"date":"2021-11-05T11:55:47","date_gmt":"2021-11-05T10:55:47","guid":{"rendered":"http:\/\/slo4.edu.pl\/?p=5728"},"modified":"2021-11-10T14:20:30","modified_gmt":"2021-11-10T13:20:30","slug":"pamietamy-o-zmarlych-i-poleglych","status":"publish","type":"post","link":"https:\/\/www.batalionparasol.pl\/slo4\/pamietamy-o-zmarlych-i-poleglych\/","title":{"rendered":"Pami\u0119tamy o zmar\u0142ych i poleg\u0142ych"},"content":{"rendered":"<p>W sobot\u0119 30 pa\u017adziernika grupa rowerzyst\u00f3w z naszej szko\u0142y tradycyjnie, jak co roku, odwiedzi\u0142a mogi\u0142y pomordowanych w II wojnie \u015bwiatowej oraz pomnik ofiar katastrofy lotniczej, kt\u00f3re znajduj\u0105 si\u0119 w Lesie Kabackim. Zapalili\u015bmy znicze i chwil\u0105 ciszy uczcili\u015bmy pochowanych.<\/p>\n<p>Opiekun grupy rowerowej prof. Jacek Kalata przypomnia\u0142 tak\u017ce histori\u0119 wojennych mogi\u0142 w Lesie Kabackim.<\/p>\n<p><img decoding=\"async\" loading=\"lazy\" class=\"aligncenter size-large wp-image-5731\" src=\"http:\/\/batalionparasol.pl\/slo4\/wp-content\/uploads\/2021\/11\/znicze2a-1024x626.jpg\" alt=\"\" width=\"640\" height=\"391\" srcset=\"https:\/\/www.batalionparasol.pl\/slo4\/wp-content\/uploads\/2021\/11\/znicze2a-1024x626.jpg 1024w, https:\/\/www.batalionparasol.pl\/slo4\/wp-content\/uploads\/2021\/11\/znicze2a-300x184.jpg 300w, https:\/\/www.batalionparasol.pl\/slo4\/wp-content\/uploads\/2021\/11\/znicze2a-768x470.jpg 768w, https:\/\/www.batalionparasol.pl\/slo4\/wp-content\/uploads\/2021\/11\/znicze2a-360x220.jpg 360w, https:\/\/www.batalionparasol.pl\/slo4\/wp-content\/uploads\/2021\/11\/znicze2a.jpg 1280w\" sizes=\"(max-width: 640px) 100vw, 640px\" \/><\/p>\n<p>&nbsp;<\/p>\n<p><img decoding=\"async\" loading=\"lazy\" class=\"aligncenter size-large wp-image-5732\" src=\"http:\/\/batalionparasol.pl\/slo4\/wp-content\/uploads\/2021\/11\/znicze4-1024x768.jpg\" alt=\"\" width=\"640\" height=\"480\" srcset=\"https:\/\/www.batalionparasol.pl\/slo4\/wp-content\/uploads\/2021\/11\/znicze4-1024x768.jpg 1024w, https:\/\/www.batalionparasol.pl\/slo4\/wp-content\/uploads\/2021\/11\/znicze4-300x225.jpg 300w, https:\/\/www.batalionparasol.pl\/slo4\/wp-content\/uploads\/2021\/11\/znicze4-768x576.jpg 768w, https:\/\/www.batalionparasol.pl\/slo4\/wp-content\/uploads\/2021\/11\/znicze4-360x270.jpg 360w, https:\/\/www.batalionparasol.pl\/slo4\/wp-content\/uploads\/2021\/11\/znicze4.jpg 1280w\" sizes=\"(max-width: 640px) 100vw, 640px\" \/><\/p>\n<p>&nbsp;<\/p>\n","protected":false},"excerpt":{"rendered":"<p>W sobot\u0119 30 pa\u017adziernika grupa rowerzyst\u00f3w z naszej szko\u0142y tradycyjnie, jak co roku, odwiedzi\u0142a mogi\u0142y pomordowanych w II wojnie \u015bwiatowej oraz pomnik ofiar katastrofy lotniczej, kt\u00f3re znajduj\u0105 si\u0119 w Lesie Kabackim. Zapalili\u015bmy znicze i chwil\u0105 ciszy uczcili\u015bmy pochowanych. Opiekun grupy rowerowej prof. Jacek Kalata przypomnia\u0142 tak\u017ce histori\u0119 wojennych mogi\u0142 w <a href=\"https:\/\/www.batalionparasol.pl\/slo4\/pamietamy-o-zmarlych-i-poleglych\/\" class=\"read-more\">(czytaj wi\u0119cej &#8230;)<\/a><\/p>\n","protected":false},"author":1,"featured_media":5730,"comment_status":"closed","ping_status":"open","sticky":false,"template":"","format":"standard","meta":[],"categories":[3],"tags":[],"_links":{"self":[{"href":"https:\/\/www.batalionparasol.pl\/slo4\/wp-json\/wp\/v2\/posts\/5728"}],"collection":[{"href":"https:\/\/www.batalionparasol.pl\/slo4\/wp-json\/wp\/v2\/posts"}],"about":[{"href":"https:\/\/www.batalionparasol.pl\/slo4\/wp-json\/wp\/v2\/types\/post"}],"author":[{"embeddable":true,"href":"https:\/\/www.batalionparasol.pl\/slo4\/wp-json\/wp\/v2\/users\/1"}],"replies":[{"embeddable":true,"href":"https:\/\/www.batalionparasol.pl\/slo4\/wp-json\/wp\/v2\/comments?post=5728"}],"version-history":[{"count":2,"href":"https:\/\/www.batalionparasol.pl\/slo4\/wp-json\/wp\/v2\/posts\/5728\/revisions"}],"predecessor-version":[{"id":5733,"href":"https:\/\/www.batalionparasol.pl\/slo4\/wp-json\/wp\/v2\/posts\/5728\/revisions\/5733"}],"wp:featuredmedia":[{"embeddable":true,"href":"https:\/\/www.batalionparasol.pl\/slo4\/wp-json\/wp\/v2\/media\/5730"}],"wp:attachment":[{"href":"https:\/\/www.batalionparasol.pl\/slo4\/wp-json\/wp\/v2\/media?parent=5728"}],"wp:term":[{"taxonomy":"category","embeddable":true,"href":"https:\/\/www.batalionparasol.pl\/slo4\/wp-json\/wp\/v2\/categories?post=5728"},{"taxonomy":"post_tag","embeddable":true,"href":"https:\/\/www.batalionparasol.pl\/slo4\/wp-json\/wp\/v2\/tags?post=5728"}],"curies":[{"name":"wp","href":"https:\/\/api.w.org\/{rel}","templated":true}]}}