{"id":5737,"date":"2021-11-16T15:18:40","date_gmt":"2021-11-16T14:18:40","guid":{"rendered":"http:\/\/slo4.edu.pl\/?p=5737"},"modified":"2021-11-18T10:44:41","modified_gmt":"2021-11-18T09:44:41","slug":"hawajska-w-barwach-narodowych","status":"publish","type":"post","link":"https:\/\/www.batalionparasol.pl\/slo4\/hawajska-w-barwach-narodowych\/","title":{"rendered":"Hawajska w barwach narodowych"},"content":{"rendered":"<p>W dniu 10 listopada spo\u0142eczno\u015b\u0107 liceum i szko\u0142y podstawowej Batalionu AK \u201eParasol\u201d \u015bwi\u0119towa\u0142a 103. rocznic\u0119 Odzyskania Niepodleg\u0142o\u015bci. Obchody mia\u0142y bardzo oryginaln\u0105 form\u0119. Poszczeg\u00f3lne klasy konkurowa\u0142y ze sob\u0105 w om\u00f3wieniu kontekstu historycznego wybranej pie\u015bni patriotycznej. Prezentowano pie\u015bni z r\u00f3\u017cnych czas\u00f3w pocz\u0105wszy od &#8222;Roty&#8221; Marii Konopnickiej, sko\u0144czywszy na &#8222;Piosence dla c\u00f3rki&#8221; nawi\u0105zuj\u0105cej do wydarze\u0144 strajkowych w Stoczni Gda\u0144skiej w roku 1980.<\/p>\n<p>O godzinie 11 wszyscy za\u015bpiewali \u201eMazurka D\u0105browskiego\u201d. Minut\u0105 ciszy uczcili\u015bmy pami\u0119\u0107 przyjaciela szko\u0142y, pana Witolda S\u0142awskiego (pseudonim Dilma, S\u0142awek), kt\u00f3rego miesi\u0105c temu odprowadzili\u015bmy na ostatni\u0105 wart\u0119.<\/p>\n<p>Drug\u0105 cz\u0119\u015b\u0107 konkursu stanowi\u0142y wyst\u0119py klasowe polegaj\u0105ce na nawi\u0105zywaniu w r\u00f3\u017cny spos\u00f3b do bia\u0142o-czerwonych barw. Wykorzystywano je w prezentacjach, strojach, by\u0142 nawet bia\u0142o-czerwony tortowy pocz\u0119stunek. Powo\u0142ywano si\u0119 na s\u0142owa XIX-wiecznego ameryka\u0144skiego duchownego Henry\u2019ego Warda Beechera, kt\u00f3ry twierdzi\u0142, \u017ce &#8222;patrz\u0105c na flag\u0119 dociekliwy umys\u0142 widzi nie tylko flag\u0119, lecz samo pa\u0144stwo i niezale\u017cnie od jego symboli i insygni\u00f3w widzi na fladze przede wszystkim form\u0119 rz\u0105d\u00f3w, pryncypia, prawdy i histori\u0119 narodu, kt\u00f3ry j\u0105 u\u017cywa&#8221;.<\/p>\n<p>W konkursie w\u015br\u00f3d uczni\u00f3w szko\u0142y podstawowej pierwsze miejsce ex-aequo zaj\u0119\u0142y: klasa 7A (za choreografi\u0119 do pie\u015bni Marka Grechuty \u201eWolno\u015b\u0107\u201d) i klasa 7B (za prezentacj\u0119 pie\u015bni \u201eMa\u0142y powstaniec\u201d zespo\u0142u Horytnica oraz flagi w kszta\u0142cie kontur\u00f3w granic Drugiej Rzeczypospolitej scalonej z trzech zabor\u00f3w, na kt\u00f3rej uczniowie przypi\u0119li fotografie Polak\u00f3w zas\u0142u\u017conych dla odzyskania niepodleg\u0142o\u015bci).<\/p>\n<p>W\u015br\u00f3d m\u0142odzie\u017cy licealnej wygra\u0142a klasa 3B, kt\u00f3ra przestawi\u0142a tragiczne okoliczno\u015bci z grudnia 1970 roku, jakie zrodzi\u0142y przejmuj\u0105c\u0105 &#8222;Ballad\u0119 o Janku Wi\u015bniewskim&#8221;. Jury konkursu przyzna\u0142o tak\u017ce wyr\u00f3\u017cnienia dla klas: za komputerow\u0105 kompozycj\u0119 flagi, za najciekawiej podane fakty historyczne oraz za najbardziej odpowiednie stroje do uroczysto\u015bci.<\/p>\n<p>W wyst\u0105pieniach m\u0142odzie\u017cy przewija\u0142 si\u0119 g\u0142os na temat spo\u0142ecze\u0144stwa polskiego jako wsp\u00f3lnoty, w kt\u00f3rej ka\u017cdy jest bardzo wa\u017cny, niezale\u017cnie od pogl\u0105d\u00f3w, bowiem r\u00f3\u017cnorodno\u015b\u0107 jest cnot\u0105 nie wad\u0105. Dlatego wa\u017cne jest, by pi\u0119knie si\u0119 r\u00f3\u017cni\u0107 i m\u0105drze by\u0107 podobnym.<\/p>\n<p>Inicjatorami pomys\u0142u na tegoroczne obchody \u015awi\u0119ta Niepodleg\u0142o\u015bci byli profesorowie: Adam Hohendorff i Kamil Kropid\u0142owski. Dzi\u0119kujemy uczniom wszystkich klas oraz wychowawcom za w\u0142\u0105czenie si\u0119 we wsp\u00f3lne \u015bwi\u0119towanie.<\/p>\n<div id='gallery-1' class='gallery galleryid-5737 gallery-columns-3 gallery-size-thumbnail'><figure class='gallery-item'>\n\t\t\t<div class='gallery-icon landscape'>\n\t\t\t\t<a href='https:\/\/www.batalionparasol.pl\/slo4\/wp-content\/uploads\/2021\/11\/niepodleglosc7b.jpg'><img width=\"150\" height=\"150\" src=\"https:\/\/www.batalionparasol.pl\/slo4\/wp-content\/uploads\/2021\/11\/niepodleglosc7b-150x150.jpg\" class=\"attachment-thumbnail size-thumbnail\" alt=\"\" decoding=\"async\" loading=\"lazy\" \/><\/a>\n\t\t\t<\/div><\/figure><figure class='gallery-item'>\n\t\t\t<div class='gallery-icon landscape'>\n\t\t\t\t<a href='https:\/\/www.batalionparasol.pl\/slo4\/wp-content\/uploads\/2021\/11\/3fflaga.jpg'><img width=\"150\" height=\"150\" src=\"https:\/\/www.batalionparasol.pl\/slo4\/wp-content\/uploads\/2021\/11\/3fflaga-150x150.jpg\" class=\"attachment-thumbnail size-thumbnail\" alt=\"\" decoding=\"async\" loading=\"lazy\" \/><\/a>\n\t\t\t<\/div><\/figure><figure class='gallery-item'>\n\t\t\t<div class='gallery-icon landscape'>\n\t\t\t\t<a href='https:\/\/www.batalionparasol.pl\/slo4\/wp-content\/uploads\/2021\/11\/flaga3d.jpg'><img width=\"150\" height=\"150\" src=\"https:\/\/www.batalionparasol.pl\/slo4\/wp-content\/uploads\/2021\/11\/flaga3d-150x150.jpg\" class=\"attachment-thumbnail size-thumbnail\" alt=\"\" decoding=\"async\" loading=\"lazy\" \/><\/a>\n\t\t\t<\/div><\/figure><figure class='gallery-item'>\n\t\t\t<div class='gallery-icon landscape'>\n\t\t\t\t<a href='https:\/\/www.batalionparasol.pl\/slo4\/wp-content\/uploads\/2021\/11\/flaga3c.jpg'><img width=\"150\" height=\"150\" src=\"https:\/\/www.batalionparasol.pl\/slo4\/wp-content\/uploads\/2021\/11\/flaga3c-150x150.jpg\" class=\"attachment-thumbnail size-thumbnail\" alt=\"\" decoding=\"async\" loading=\"lazy\" \/><\/a>\n\t\t\t<\/div><\/figure><figure class='gallery-item'>\n\t\t\t<div class='gallery-icon landscape'>\n\t\t\t\t<a href='https:\/\/www.batalionparasol.pl\/slo4\/wp-content\/uploads\/2021\/11\/flaga3a.jpg'><img width=\"150\" height=\"150\" src=\"https:\/\/www.batalionparasol.pl\/slo4\/wp-content\/uploads\/2021\/11\/flaga3a-150x150.jpg\" class=\"attachment-thumbnail size-thumbnail\" alt=\"\" decoding=\"async\" loading=\"lazy\" \/><\/a>\n\t\t\t<\/div><\/figure><figure class='gallery-item'>\n\t\t\t<div class='gallery-icon portrait'>\n\t\t\t\t<a href='https:\/\/www.batalionparasol.pl\/slo4\/wp-content\/uploads\/2021\/11\/flaga3e.jpg'><img width=\"150\" height=\"150\" src=\"https:\/\/www.batalionparasol.pl\/slo4\/wp-content\/uploads\/2021\/11\/flaga3e-150x150.jpg\" class=\"attachment-thumbnail size-thumbnail\" alt=\"\" decoding=\"async\" loading=\"lazy\" \/><\/a>\n\t\t\t<\/div><\/figure><figure class='gallery-item'>\n\t\t\t<div class='gallery-icon landscape'>\n\t\t\t\t<a href='https:\/\/www.batalionparasol.pl\/slo4\/wp-content\/uploads\/2021\/11\/flaga3b.jpg'><img width=\"150\" height=\"150\" src=\"https:\/\/www.batalionparasol.pl\/slo4\/wp-content\/uploads\/2021\/11\/flaga3b-150x150.jpg\" class=\"attachment-thumbnail size-thumbnail\" alt=\"\" decoding=\"async\" loading=\"lazy\" \/><\/a>\n\t\t\t<\/div><\/figure>\n\t\t<\/div>\n\n","protected":false},"excerpt":{"rendered":"<p>W dniu 10 listopada spo\u0142eczno\u015b\u0107 liceum i szko\u0142y podstawowej Batalionu AK \u201eParasol\u201d \u015bwi\u0119towa\u0142a 103. rocznic\u0119 Odzyskania Niepodleg\u0142o\u015bci. Obchody mia\u0142y bardzo oryginaln\u0105 form\u0119. Poszczeg\u00f3lne klasy konkurowa\u0142y ze sob\u0105 w om\u00f3wieniu kontekstu historycznego wybranej pie\u015bni patriotycznej. Prezentowano pie\u015bni z r\u00f3\u017cnych czas\u00f3w pocz\u0105wszy od &#8222;Roty&#8221; Marii Konopnickiej, sko\u0144czywszy na &#8222;Piosence dla c\u00f3rki&#8221; nawi\u0105zuj\u0105cej <a href=\"https:\/\/www.batalionparasol.pl\/slo4\/hawajska-w-barwach-narodowych\/\" class=\"read-more\">(czytaj wi\u0119cej &#8230;)<\/a><\/p>\n","protected":false},"author":1,"featured_media":5743,"comment_status":"closed","ping_status":"open","sticky":false,"template":"","format":"standard","meta":[],"categories":[3],"tags":[],"_links":{"self":[{"href":"https:\/\/www.batalionparasol.pl\/slo4\/wp-json\/wp\/v2\/posts\/5737"}],"collection":[{"href":"https:\/\/www.batalionparasol.pl\/slo4\/wp-json\/wp\/v2\/posts"}],"about":[{"href":"https:\/\/www.batalionparasol.pl\/slo4\/wp-json\/wp\/v2\/types\/post"}],"author":[{"embeddable":true,"href":"https:\/\/www.batalionparasol.pl\/slo4\/wp-json\/wp\/v2\/users\/1"}],"replies":[{"embeddable":true,"href":"https:\/\/www.batalionparasol.pl\/slo4\/wp-json\/wp\/v2\/comments?post=5737"}],"version-history":[{"count":7,"href":"https:\/\/www.batalionparasol.pl\/slo4\/wp-json\/wp\/v2\/posts\/5737\/revisions"}],"predecessor-version":[{"id":5753,"href":"https:\/\/www.batalionparasol.pl\/slo4\/wp-json\/wp\/v2\/posts\/5737\/revisions\/5753"}],"wp:featuredmedia":[{"embeddable":true,"href":"https:\/\/www.batalionparasol.pl\/slo4\/wp-json\/wp\/v2\/media\/5743"}],"wp:attachment":[{"href":"https:\/\/www.batalionparasol.pl\/slo4\/wp-json\/wp\/v2\/media?parent=5737"}],"wp:term":[{"taxonomy":"category","embeddable":true,"href":"https:\/\/www.batalionparasol.pl\/slo4\/wp-json\/wp\/v2\/categories?post=5737"},{"taxonomy":"post_tag","embeddable":true,"href":"https:\/\/www.batalionparasol.pl\/slo4\/wp-json\/wp\/v2\/tags?post=5737"}],"curies":[{"name":"wp","href":"https:\/\/api.w.org\/{rel}","templated":true}]}}