{"id":59,"date":"2011-05-25T18:48:31","date_gmt":"2011-05-25T16:48:31","guid":{"rendered":"http:\/\/slo4.nazwa.pl\/?p=59"},"modified":"2013-02-18T23:39:53","modified_gmt":"2013-02-18T22:39:53","slug":"spotkanie-z-zolnierzami-ak-z-bialorusi","status":"publish","type":"post","link":"https:\/\/www.batalionparasol.pl\/slo4\/spotkanie-z-zolnierzami-ak-z-bialorusi\/","title":{"rendered":"Spotkanie z \u017co\u0142nierzami AK z Bia\u0142orusi"},"content":{"rendered":"<p><a href=\"http:\/\/slo4.nazwa.pl\/wp-content\/uploads\/2013\/02\/kombatanci.jpg\"><img decoding=\"async\" loading=\"lazy\" class=\"alignleft  wp-image-253\" title=\"kombatanci\" src=\"http:\/\/slo4.nazwa.pl\/wp-content\/uploads\/2013\/02\/kombatanci-300x199.jpg\" alt=\"\" width=\"300\" height=\"199\" srcset=\"https:\/\/www.batalionparasol.pl\/slo4\/wp-content\/uploads\/2013\/02\/kombatanci-300x199.jpg 300w, https:\/\/www.batalionparasol.pl\/slo4\/wp-content\/uploads\/2013\/02\/kombatanci-768x510.jpg 768w, https:\/\/www.batalionparasol.pl\/slo4\/wp-content\/uploads\/2013\/02\/kombatanci-452x300.jpg 452w, https:\/\/www.batalionparasol.pl\/slo4\/wp-content\/uploads\/2013\/02\/kombatanci.jpg 800w\" sizes=\"(max-width: 300px) 100vw, 300px\" \/><\/a>23 maja 2011 r. w naszej szkole odby\u0142o si\u0119 spotkanie uczni\u00f3w z kombatantami ze Stowarzyszenia \u017bo\u0142nierzy Armii Krajowej na Bia\u0142orusi. W spotkaniu uczestniczy\u0142 zaproszony dr Kazimierz Krajewski z IPN, kt\u00f3ry wyg\u0142osi\u0142 rys historyczny Zgrupowania Sto\u0142pecko-Nalibockiego dowodzonego przez Adolfa Pilcha ps &#8222;G\u00f3ra &#8211; Dolina&#8221;, kt\u00f3rego \u017co\u0142nierze walczyli r\u00f3wnie\u017c w Powstaniu Warszawskim w szeregach Zgrupowania AK &#8222;Kampinos&#8221;.<\/p>\n<p><!--more--><\/p>\n<p>Spotkanie by\u0142o pe\u0142n\u0105 wzrusze\u0144 lekcj\u0105 historii, ale tak\u017ce okazj\u0105 do poznania po\u0142o\u017cenia Polak\u00f3w na Bia\u0142orusi \u017cyj\u0105cych w warunkach postsowieckiego pa\u0144stwa autorytarnego, o kt\u00f3rym opowiada\u0142a Prezes Stowarzyszenia Pani Weronika Sebastianowicz.<\/p>\n","protected":false},"excerpt":{"rendered":"<p>23 maja 2011 r. w naszej szkole odby\u0142o si\u0119 spotkanie uczni\u00f3w z kombatantami ze Stowarzyszenia \u017bo\u0142nierzy Armii Krajowej na Bia\u0142orusi. W spotkaniu uczestniczy\u0142 zaproszony dr Kazimierz Krajewski z IPN, kt\u00f3ry wyg\u0142osi\u0142 rys historyczny Zgrupowania Sto\u0142pecko-Nalibockiego dowodzonego przez Adolfa Pilcha ps &#8222;G\u00f3ra &#8211; Dolina&#8221;, kt\u00f3rego \u017co\u0142nierze walczyli r\u00f3wnie\u017c w Powstaniu Warszawskim <a href=\"https:\/\/www.batalionparasol.pl\/slo4\/spotkanie-z-zolnierzami-ak-z-bialorusi\/\" class=\"read-more\">(czytaj wi\u0119cej &#8230;)<\/a><\/p>\n","protected":false},"author":1,"featured_media":0,"comment_status":"closed","ping_status":"open","sticky":false,"template":"","format":"standard","meta":[],"categories":[3],"tags":[],"_links":{"self":[{"href":"https:\/\/www.batalionparasol.pl\/slo4\/wp-json\/wp\/v2\/posts\/59"}],"collection":[{"href":"https:\/\/www.batalionparasol.pl\/slo4\/wp-json\/wp\/v2\/posts"}],"about":[{"href":"https:\/\/www.batalionparasol.pl\/slo4\/wp-json\/wp\/v2\/types\/post"}],"author":[{"embeddable":true,"href":"https:\/\/www.batalionparasol.pl\/slo4\/wp-json\/wp\/v2\/users\/1"}],"replies":[{"embeddable":true,"href":"https:\/\/www.batalionparasol.pl\/slo4\/wp-json\/wp\/v2\/comments?post=59"}],"version-history":[{"count":2,"href":"https:\/\/www.batalionparasol.pl\/slo4\/wp-json\/wp\/v2\/posts\/59\/revisions"}],"predecessor-version":[{"id":275,"href":"https:\/\/www.batalionparasol.pl\/slo4\/wp-json\/wp\/v2\/posts\/59\/revisions\/275"}],"wp:attachment":[{"href":"https:\/\/www.batalionparasol.pl\/slo4\/wp-json\/wp\/v2\/media?parent=59"}],"wp:term":[{"taxonomy":"category","embeddable":true,"href":"https:\/\/www.batalionparasol.pl\/slo4\/wp-json\/wp\/v2\/categories?post=59"},{"taxonomy":"post_tag","embeddable":true,"href":"https:\/\/www.batalionparasol.pl\/slo4\/wp-json\/wp\/v2\/tags?post=59"}],"curies":[{"name":"wp","href":"https:\/\/api.w.org\/{rel}","templated":true}]}}