{"id":6752,"date":"2023-08-03T11:46:16","date_gmt":"2023-08-03T09:46:16","guid":{"rendered":"https:\/\/www.batalionparasol.pl\/slo4\/?p=6752"},"modified":"2023-08-03T11:46:17","modified_gmt":"2023-08-03T09:46:17","slug":"mural-dla-gryfa-i-ziutka","status":"publish","type":"post","link":"https:\/\/www.batalionparasol.pl\/slo4\/mural-dla-gryfa-i-ziutka\/","title":{"rendered":"Mural dla Gryfa i Ziutka"},"content":{"rendered":"\n<p>Na Woli powsta\u0142 mural pod tytu\u0142em &#8222;Pa\u0142acyk Michla, \u017bytnia, Wola&#8221; &#8211; na pami\u0105tk\u0119 najbardziej znanej piosenki powsta\u0144czej, kt\u00f3r\u0105 w Pa\u0142acyku Michlera 4 sierpnia 1944 roku napisa\u0142 J\u00f3zef Szczepa\u0144ski ps. &#8222;Ziutek&#8221;. Obron\u0105 Pa\u0142acyku przy ulicy Wolskiej 40 dowodzi\u0142 Janusz Brochwicz-Lewi\u0144ski ps. &#8222;Gryf&#8221; z oddzia\u0142em \u017co\u0142nierzy Batalionu Armii Krajowej &#8222;Parasol&#8221;.<\/p>\n\n\n\n<p>Uroczysto\u015b\u0107 ods\u0142oni\u0119cia muralu odby\u0142a si\u0119 2 sierpnia 2023 r. w Sanktuarium \u015awi\u0119tej Faustyny przy ul. \u017bytniej 1. To w\u0142a\u015bnie z tego miejsca 79 lat temu, po odprawieniu Mszy \u015bwi\u0119tej, Batalion &#8222;Parasol&#8221; ruszy\u0142 do walki z Niemcami na Woli.<\/p>\n\n\n\n<p>Ods\u0142oni\u0119cia muralu dokona\u0142a pani Izabela Bogucka, Prezes Fundacji im. gen. dyw. Janusza Brochwicz-Lewi\u0144skiego ps. &#8222;Gryf&#8221; w asy\u015bcie dow\u00f3dcy Jednostki Specjalnej Gryf WOT oraz dow\u00f3dcy Jednostki Wojskowej Komandos\u00f3w z Lubli\u0144ca &#8211; spadkobierc\u00f3w tradycji wojskowej Batalionu AK &#8222;Parasol&#8221;.<\/p>\n\n\n\n<p>Wydarzeniu towarzyszy\u0142 koncert pie\u015bni \u017co\u0142nierskich w wykonaniu Orkiestry Reprezentacyjnej Wojsk Obrony Terytorialnej.<\/p>\n\n\n\n<p>W trakcie uroczysto\u015bci zaprezentowano tak\u017ce czterocz\u0119\u015bciowy ilustrowany komiks o walkach \u017co\u0142nierzy &#8222;Parasola&#8221; podczas okupacji niemieckiej (Akcja &#8222;G\u00f3ral&#8221; i Akcja na aptek\u0119 Wendego) i w czasie Powstania Warszawskiego (Pa\u0142acyk Michla i Na sza\u0144cach Woli).<\/p>\n\n\n\n<p>=> <a rel=\"noreferrer noopener\" href=\"https:\/\/www.batalionparasol.pl\/obrona-palacyku-michla\/\" target=\"_blank\"><strong>Zobacz relacj\u0119 z obrony Pa\u0142acyku Michlera<\/strong><\/a><\/p>\n\n\n\n<p>=> <a rel=\"noreferrer noopener\" href=\"https:\/\/www.batalionparasol.pl\/janusz-brochwicz-lewinski\/\" target=\"_blank\"><strong>Zobacz biogram &#8222;Gryfa&#8221;<\/strong><\/a><\/p>\n\n\n\n<p>Kilka zdj\u0119\u0107 z uroczysto\u015bci ods\u0142oni\u0119cia muralu (foto JS)<\/p>\n\n\n\n<figure class=\"wp-block-image size-large\"><img decoding=\"async\" loading=\"lazy\" width=\"1024\" height=\"576\" src=\"https:\/\/www.batalionparasol.pl\/slo4\/wp-content\/uploads\/2023\/08\/mural2-1024x576.jpg\" alt=\"\" class=\"wp-image-6755\" srcset=\"https:\/\/www.batalionparasol.pl\/slo4\/wp-content\/uploads\/2023\/08\/mural2-1024x576.jpg 1024w, https:\/\/www.batalionparasol.pl\/slo4\/wp-content\/uploads\/2023\/08\/mural2-300x169.jpg 300w, https:\/\/www.batalionparasol.pl\/slo4\/wp-content\/uploads\/2023\/08\/mural2-768x432.jpg 768w, https:\/\/www.batalionparasol.pl\/slo4\/wp-content\/uploads\/2023\/08\/mural2-360x203.jpg 360w, https:\/\/www.batalionparasol.pl\/slo4\/wp-content\/uploads\/2023\/08\/mural2.jpg 1280w\" sizes=\"(max-width: 1024px) 100vw, 1024px\" \/><\/figure>\n\n\n\n<figure class=\"wp-block-image size-large\"><img decoding=\"async\" loading=\"lazy\" width=\"1024\" height=\"576\" src=\"https:\/\/www.batalionparasol.pl\/slo4\/wp-content\/uploads\/2023\/08\/mural4-1024x576.jpg\" alt=\"\" class=\"wp-image-6757\" srcset=\"https:\/\/www.batalionparasol.pl\/slo4\/wp-content\/uploads\/2023\/08\/mural4-1024x576.jpg 1024w, https:\/\/www.batalionparasol.pl\/slo4\/wp-content\/uploads\/2023\/08\/mural4-300x169.jpg 300w, https:\/\/www.batalionparasol.pl\/slo4\/wp-content\/uploads\/2023\/08\/mural4-768x432.jpg 768w, https:\/\/www.batalionparasol.pl\/slo4\/wp-content\/uploads\/2023\/08\/mural4-360x203.jpg 360w, https:\/\/www.batalionparasol.pl\/slo4\/wp-content\/uploads\/2023\/08\/mural4.jpg 1280w\" sizes=\"(max-width: 1024px) 100vw, 1024px\" \/><\/figure>\n\n\n\n<figure class=\"wp-block-image size-large\"><img decoding=\"async\" loading=\"lazy\" width=\"1024\" height=\"576\" src=\"https:\/\/www.batalionparasol.pl\/slo4\/wp-content\/uploads\/2023\/08\/mural1-1024x576.jpg\" alt=\"\" class=\"wp-image-6754\" srcset=\"https:\/\/www.batalionparasol.pl\/slo4\/wp-content\/uploads\/2023\/08\/mural1-1024x576.jpg 1024w, https:\/\/www.batalionparasol.pl\/slo4\/wp-content\/uploads\/2023\/08\/mural1-300x169.jpg 300w, https:\/\/www.batalionparasol.pl\/slo4\/wp-content\/uploads\/2023\/08\/mural1-768x432.jpg 768w, https:\/\/www.batalionparasol.pl\/slo4\/wp-content\/uploads\/2023\/08\/mural1-360x203.jpg 360w, https:\/\/www.batalionparasol.pl\/slo4\/wp-content\/uploads\/2023\/08\/mural1.jpg 1280w\" sizes=\"(max-width: 1024px) 100vw, 1024px\" \/><\/figure>\n\n\n\n<figure class=\"wp-block-image size-large\"><img decoding=\"async\" loading=\"lazy\" width=\"1024\" height=\"576\" src=\"https:\/\/www.batalionparasol.pl\/slo4\/wp-content\/uploads\/2023\/08\/mural3-1024x576.jpg\" alt=\"\" class=\"wp-image-6756\" srcset=\"https:\/\/www.batalionparasol.pl\/slo4\/wp-content\/uploads\/2023\/08\/mural3-1024x576.jpg 1024w, https:\/\/www.batalionparasol.pl\/slo4\/wp-content\/uploads\/2023\/08\/mural3-300x169.jpg 300w, https:\/\/www.batalionparasol.pl\/slo4\/wp-content\/uploads\/2023\/08\/mural3-768x432.jpg 768w, https:\/\/www.batalionparasol.pl\/slo4\/wp-content\/uploads\/2023\/08\/mural3-360x203.jpg 360w, https:\/\/www.batalionparasol.pl\/slo4\/wp-content\/uploads\/2023\/08\/mural3.jpg 1280w\" sizes=\"(max-width: 1024px) 100vw, 1024px\" \/><\/figure>\n\n\n\n<figure class=\"wp-block-image size-large\"><img decoding=\"async\" loading=\"lazy\" width=\"1024\" height=\"576\" src=\"https:\/\/www.batalionparasol.pl\/slo4\/wp-content\/uploads\/2023\/08\/komiksy-1024x576.jpg\" alt=\"\" class=\"wp-image-6753\" srcset=\"https:\/\/www.batalionparasol.pl\/slo4\/wp-content\/uploads\/2023\/08\/komiksy-1024x576.jpg 1024w, https:\/\/www.batalionparasol.pl\/slo4\/wp-content\/uploads\/2023\/08\/komiksy-300x169.jpg 300w, https:\/\/www.batalionparasol.pl\/slo4\/wp-content\/uploads\/2023\/08\/komiksy-768x432.jpg 768w, https:\/\/www.batalionparasol.pl\/slo4\/wp-content\/uploads\/2023\/08\/komiksy-360x203.jpg 360w, https:\/\/www.batalionparasol.pl\/slo4\/wp-content\/uploads\/2023\/08\/komiksy.jpg 1280w\" sizes=\"(max-width: 1024px) 100vw, 1024px\" \/><\/figure>\n","protected":false},"excerpt":{"rendered":"<p>Na Woli powsta\u0142 mural pod tytu\u0142em &#8222;Pa\u0142acyk Michla, \u017bytnia, Wola&#8221; &#8211; na pami\u0105tk\u0119 najbardziej znanej piosenki powsta\u0144czej, kt\u00f3r\u0105 w Pa\u0142acyku Michlera 4 sierpnia 1944 roku napisa\u0142 J\u00f3zef Szczepa\u0144ski ps. &#8222;Ziutek&#8221;. Obron\u0105 Pa\u0142acyku przy ulicy Wolskiej 40 dowodzi\u0142 Janusz Brochwicz-Lewi\u0144ski ps. &#8222;Gryf&#8221; z oddzia\u0142em \u017co\u0142nierzy Batalionu Armii Krajowej &#8222;Parasol&#8221;. Uroczysto\u015b\u0107 ods\u0142oni\u0119cia <a href=\"https:\/\/www.batalionparasol.pl\/slo4\/mural-dla-gryfa-i-ziutka\/\" class=\"read-more\">(czytaj wi\u0119cej &#8230;)<\/a><\/p>\n","protected":false},"author":1,"featured_media":6758,"comment_status":"closed","ping_status":"open","sticky":false,"template":"","format":"standard","meta":[],"categories":[3],"tags":[],"_links":{"self":[{"href":"https:\/\/www.batalionparasol.pl\/slo4\/wp-json\/wp\/v2\/posts\/6752"}],"collection":[{"href":"https:\/\/www.batalionparasol.pl\/slo4\/wp-json\/wp\/v2\/posts"}],"about":[{"href":"https:\/\/www.batalionparasol.pl\/slo4\/wp-json\/wp\/v2\/types\/post"}],"author":[{"embeddable":true,"href":"https:\/\/www.batalionparasol.pl\/slo4\/wp-json\/wp\/v2\/users\/1"}],"replies":[{"embeddable":true,"href":"https:\/\/www.batalionparasol.pl\/slo4\/wp-json\/wp\/v2\/comments?post=6752"}],"version-history":[{"count":1,"href":"https:\/\/www.batalionparasol.pl\/slo4\/wp-json\/wp\/v2\/posts\/6752\/revisions"}],"predecessor-version":[{"id":6759,"href":"https:\/\/www.batalionparasol.pl\/slo4\/wp-json\/wp\/v2\/posts\/6752\/revisions\/6759"}],"wp:featuredmedia":[{"embeddable":true,"href":"https:\/\/www.batalionparasol.pl\/slo4\/wp-json\/wp\/v2\/media\/6758"}],"wp:attachment":[{"href":"https:\/\/www.batalionparasol.pl\/slo4\/wp-json\/wp\/v2\/media?parent=6752"}],"wp:term":[{"taxonomy":"category","embeddable":true,"href":"https:\/\/www.batalionparasol.pl\/slo4\/wp-json\/wp\/v2\/categories?post=6752"},{"taxonomy":"post_tag","embeddable":true,"href":"https:\/\/www.batalionparasol.pl\/slo4\/wp-json\/wp\/v2\/tags?post=6752"}],"curies":[{"name":"wp","href":"https:\/\/api.w.org\/{rel}","templated":true}]}}