{"id":6762,"date":"2023-08-29T12:03:29","date_gmt":"2023-08-29T10:03:29","guid":{"rendered":"https:\/\/www.batalionparasol.pl\/slo4\/?p=6762"},"modified":"2023-10-02T10:40:06","modified_gmt":"2023-10-02T08:40:06","slug":"inauguracja-roku-2023-2024","status":"publish","type":"post","link":"https:\/\/www.batalionparasol.pl\/slo4\/inauguracja-roku-2023-2024\/","title":{"rendered":"Inauguracja roku 2023-2024"},"content":{"rendered":"\n<p>W poniedzia\u0142ek 4 wrze\u015bnia zapraszamy na godzin\u0119 9:00 na uroczysto\u015b\u0107 rozpocz\u0119cia nowego roku szkolnego. W pierwszym dniu zaj\u0119cia potrwaj\u0105 do godziny 13:00. Obowi\u0105zuje zmieniony plan lekcji.<\/p>\n<p>\u00a0<\/p>\n<h3>1) Klasy 7A i 8B szko\u0142y podstawowej oraz klasy 1. liceum:<\/h3>\n<p>\u2013 o godz. 9:00 maj\u0105 spotkanie z dyrekcj\u0105 i nauczycielami w holu szko\u0142y na parterze;<\/p>\n<p>\u2013 lekcja 2 godzina wychowawcza w wyznaczonych salach (przydzia\u0142y nowych uczni\u00f3w do klas b\u0119d\u0105 dost\u0119pne przy wej\u015bciu do szko\u0142y);<\/p>\n<p>\u2013 podczas 3 lekcji uczniowie klasy 7A i klas 1 LO napisz\u0105 <strong>test poziomuj\u0105cy z j\u0119zyka angielskiego<\/strong> w wyznaczonych salach. W tym czasie klasa 8A ma swoje lekcje tak, jak w poniedzia\u0142kowym planie (plan lekcji b\u0119dzie wkr\u00f3tce dost\u0119pny w Librusie i na tablicy og\u0142osze\u0144).<\/p>\n<p>\u2013 lekcje 4-5 dla wszystkich wed\u0142ug planu.<\/p>\n<p>Po 5 lekcji o godzinie 13:00 dla uczni\u00f3w klasy 7A i klas 1 LO odb\u0119dzie si\u0119 <strong>spotkanie z<\/strong> <strong>nauczycielami WF<\/strong>: z p. Gra\u017cyn\u0105 Rybk\u0105 i z p. Jackiem Kalat\u0105. Dowiedziecie si\u0119 kiedy i na jakich zasadach odbywa\u0107 si\u0119 b\u0119d\u0105 zaj\u0119cia WF.<\/p>\n<p>Tygodniowe plany lekcji dla uczni\u00f3w klasy si\u00f3dmej i klas pierwszych liceum s\u0105 zamieszczone pod tym komunikatem.<\/p>\n<p>\u00a0<\/p>\n<h3>2) Klasy 2, 3 i 4 liceum:<\/h3>\n<p>\u2013 o godz. 9:00 rozpoczynaj\u0105 od godziny wychowawczej w wyznaczonych salach.<\/p>\n<p>\u2013 oko\u0142o godz. 9:45 b\u0119dzie spotkanie z dyrekcj\u0105 i nauczycielami w holu szko\u0142y.<\/p>\n<p>\u2013 lekcje 3-5 zgodnie z planem (kt\u00f3ry b\u0119dzie dost\u0119pny w Librusie i na tablicy og\u0142osze\u0144).<\/p>\n<p>\u00a0<\/p>\n<h3>3) Zebranie z rodzicami<\/h3>\n<p><strong>W \u015brod\u0119 6 wrze\u015bnia o godzinie 17:30<\/strong> zapraszamy wszystkich rodzic\u00f3w naszych uczni\u00f3w na pierwsze zebranie z wychowawcami klas, kt\u00f3re odb\u0119dzie si\u0119 w wyznaczonych salach w szkole.<\/p>\n<p>Jest to bardzo wa\u017cne zebranie organizacyjne, podczas kt\u00f3rego m.in. rodzice nowych uczni\u00f3w otrzymaj\u0105 kody dost\u0119pu do dziennika Librus; b\u0119d\u0105 te\u017c omawiane sprawy wyjazd\u00f3w klasowych oraz innych wydarze\u0144 zaplanowanych na ten rok szkolny.<\/p>\n<p>\u00a0<\/p>\n<h3>4) Kiermasz podr\u0119cznik\u00f3w<\/h3>\n<p>W pierwszym tygodniu nauki (prawdopodobnie w czwartek lub pi\u0105tek) Samorz\u0105d Uczniowski zorganizuje kiermasz, na kt\u00f3rym b\u0119dziecie mogli zaoferowa\u0107 swoim m\u0142odszym kole\u017cankom i kolegom podr\u0119czniki u\u017cywane, ale w dobrym stanie (!).<\/p>\n<p>Szczeg\u00f3\u0142y kiermaszu b\u0119d\u0105 podane w og\u0142oszeniach samorz\u0105du.<\/p>\n","protected":false},"excerpt":{"rendered":"<p>W poniedzia\u0142ek 4 wrze\u015bnia zapraszamy na godzin\u0119 9:00 na uroczysto\u015b\u0107 rozpocz\u0119cia nowego roku szkolnego. W pierwszym dniu zaj\u0119cia potrwaj\u0105 do godziny 13:00. Obowi\u0105zuje zmieniony plan lekcji. \u00a0 1) Klasy 7A i 8B szko\u0142y podstawowej oraz klasy 1. liceum: \u2013 o godz. 9:00 maj\u0105 spotkanie z dyrekcj\u0105 i nauczycielami w holu <a href=\"https:\/\/www.batalionparasol.pl\/slo4\/inauguracja-roku-2023-2024\/\" class=\"read-more\">(czytaj wi\u0119cej &#8230;)<\/a><\/p>\n","protected":false},"author":1,"featured_media":3604,"comment_status":"closed","ping_status":"open","sticky":false,"template":"","format":"standard","meta":[],"categories":[3],"tags":[],"_links":{"self":[{"href":"https:\/\/www.batalionparasol.pl\/slo4\/wp-json\/wp\/v2\/posts\/6762"}],"collection":[{"href":"https:\/\/www.batalionparasol.pl\/slo4\/wp-json\/wp\/v2\/posts"}],"about":[{"href":"https:\/\/www.batalionparasol.pl\/slo4\/wp-json\/wp\/v2\/types\/post"}],"author":[{"embeddable":true,"href":"https:\/\/www.batalionparasol.pl\/slo4\/wp-json\/wp\/v2\/users\/1"}],"replies":[{"embeddable":true,"href":"https:\/\/www.batalionparasol.pl\/slo4\/wp-json\/wp\/v2\/comments?post=6762"}],"version-history":[{"count":8,"href":"https:\/\/www.batalionparasol.pl\/slo4\/wp-json\/wp\/v2\/posts\/6762\/revisions"}],"predecessor-version":[{"id":6872,"href":"https:\/\/www.batalionparasol.pl\/slo4\/wp-json\/wp\/v2\/posts\/6762\/revisions\/6872"}],"wp:featuredmedia":[{"embeddable":true,"href":"https:\/\/www.batalionparasol.pl\/slo4\/wp-json\/wp\/v2\/media\/3604"}],"wp:attachment":[{"href":"https:\/\/www.batalionparasol.pl\/slo4\/wp-json\/wp\/v2\/media?parent=6762"}],"wp:term":[{"taxonomy":"category","embeddable":true,"href":"https:\/\/www.batalionparasol.pl\/slo4\/wp-json\/wp\/v2\/categories?post=6762"},{"taxonomy":"post_tag","embeddable":true,"href":"https:\/\/www.batalionparasol.pl\/slo4\/wp-json\/wp\/v2\/tags?post=6762"}],"curies":[{"name":"wp","href":"https:\/\/api.w.org\/{rel}","templated":true}]}}