{"id":6867,"date":"2023-09-30T09:24:00","date_gmt":"2023-09-30T07:24:00","guid":{"rendered":"https:\/\/www.batalionparasol.pl\/slo4\/?p=6867"},"modified":"2023-10-02T10:14:12","modified_gmt":"2023-10-02T08:14:12","slug":"swieto-szkoly-2023","status":"publish","type":"post","link":"https:\/\/www.batalionparasol.pl\/slo4\/swieto-szkoly-2023\/","title":{"rendered":"\u015awi\u0119to Szko\u0142y 2023"},"content":{"rendered":"\n<p>27 wrze\u015bnia 2023 r., w rocznic\u0119 utworzenia Polskiego Pa\u0144stwa Podziemnego, obchodzili\u015bmy uroczysto\u015b\u0107 \u015awi\u0119ta Szko\u0142y. Tradycyjnie po od\u015bpiewaniu Hymnu Szko\u0142y &#8222;Ch\u0142opcy silni jak stal&#8221; &#8211; piosenki szturmowej Batalionu AK &#8222;Parasol&#8221; odby\u0142o si\u0119 \u015blubowanie nowych uczni\u00f3w z klasy 7A szko\u0142y podstawowej oraz z czterech klas pierwszych liceum.<\/p>\n\n\n\n<p>Niezwyk\u0142ym go\u015bciem naszych uroczysto\u015bci by\u0142 pan pu\u0142kownik Zbigniew Rylski (pseudonim Brzoza) najstarszy \u017cyj\u0105cy \u017co\u0142nierz Batalionu AK &#8222;Parasol &#8211; w styczniu tego roku Pan Zbigniew uko\u0144czy\u0142 100 lat! Go\u015bcili\u015bmy tak\u017ce rodziny naszych \u017co\u0142nierzy: c\u00f3rk\u0119 pp\u0142k Stanis\u0142awa Jastrz\u0119bskiego (ps. &#8222;Kope\u0107&#8221;) i syna Wojciecha \u015awi\u0105tkowskiego (ps. &#8222;Korczak&#8221;). \u015awi\u0119towali z nami r\u00f3wnie\u017c przedstawiciele Grupy Rekonstrukcji Historycznej &#8222;Parasol&#8221;, Fundacji Niezawodni oraz Autorskiego Towarzystwa Edukacyjnego.<\/p>\n\n\n\n<p>Po uroczysto\u015bci \u015blubowania odby\u0142a si\u0119 gra historyczna. Podczas pierwszej cz\u0119\u015bci m\u0142odzie\u017c rozwi\u0105zywa\u0142a zadania o Patronie i o historii naszej szko\u0142y. Natomiast w drugiej cz\u0119\u015bci gry uczniowie mieli do wykonania zadanie na terenie Warszawy. Polega\u0142o ona na odnalezieniu &#8211; na podstawie podanych wskaz\u00f3wek i opis\u00f3w &#8211; miejsc w poszczeg\u00f3lnych dzielnicach Warszawy, gdzie znajduj\u0105 si\u0119 murale przedstawiaj\u0105ce wydarzenia i bohater\u00f3w walk z czas\u00f3w okupacji niemieckiej i Powstania Warszawskiego. W ka\u017cdym z tych miejsc liderzy klas przygotowywali relacj\u0119 fotograficzn\u0105 i opis, co przedstawia ka\u017cdy mural. Uczniowie z klas maturalnych w tym samym czasie zapalili znicze na kwaterze Batalionu i na grobach \u017co\u0142nierzy &#8222;Parasola&#8221; na warszawskich Pow\u0105zkach.<\/p>\n\n\n\n<p> <\/p>\n\n\n\n<figure class=\"wp-block-image size-large\"><img decoding=\"async\" loading=\"lazy\" width=\"1024\" height=\"576\" src=\"https:\/\/www.batalionparasol.pl\/slo4\/wp-content\/uploads\/2023\/10\/swieto2302-1024x576.jpg\" alt=\"\" class=\"wp-image-6857\" srcset=\"https:\/\/www.batalionparasol.pl\/slo4\/wp-content\/uploads\/2023\/10\/swieto2302-1024x576.jpg 1024w, https:\/\/www.batalionparasol.pl\/slo4\/wp-content\/uploads\/2023\/10\/swieto2302-300x169.jpg 300w, https:\/\/www.batalionparasol.pl\/slo4\/wp-content\/uploads\/2023\/10\/swieto2302-768x432.jpg 768w, https:\/\/www.batalionparasol.pl\/slo4\/wp-content\/uploads\/2023\/10\/swieto2302-360x203.jpg 360w, https:\/\/www.batalionparasol.pl\/slo4\/wp-content\/uploads\/2023\/10\/swieto2302.jpg 1280w\" sizes=\"(max-width: 1024px) 100vw, 1024px\" \/><\/figure>\n\n\n\n<figure class=\"wp-block-image size-large\"><img decoding=\"async\" loading=\"lazy\" width=\"1024\" height=\"576\" src=\"https:\/\/www.batalionparasol.pl\/slo4\/wp-content\/uploads\/2023\/10\/swieto2301-1024x576.jpg\" alt=\"\" class=\"wp-image-6856\" srcset=\"https:\/\/www.batalionparasol.pl\/slo4\/wp-content\/uploads\/2023\/10\/swieto2301-1024x576.jpg 1024w, https:\/\/www.batalionparasol.pl\/slo4\/wp-content\/uploads\/2023\/10\/swieto2301-300x169.jpg 300w, https:\/\/www.batalionparasol.pl\/slo4\/wp-content\/uploads\/2023\/10\/swieto2301-768x432.jpg 768w, https:\/\/www.batalionparasol.pl\/slo4\/wp-content\/uploads\/2023\/10\/swieto2301-360x203.jpg 360w, https:\/\/www.batalionparasol.pl\/slo4\/wp-content\/uploads\/2023\/10\/swieto2301.jpg 1280w\" sizes=\"(max-width: 1024px) 100vw, 1024px\" \/><\/figure>\n\n\n\n<figure class=\"wp-block-image size-large\"><img decoding=\"async\" loading=\"lazy\" width=\"1024\" height=\"576\" src=\"https:\/\/www.batalionparasol.pl\/slo4\/wp-content\/uploads\/2023\/10\/Brzoza01-1024x576.jpg\" alt=\"\" class=\"wp-image-6855\" srcset=\"https:\/\/www.batalionparasol.pl\/slo4\/wp-content\/uploads\/2023\/10\/Brzoza01-1024x576.jpg 1024w, https:\/\/www.batalionparasol.pl\/slo4\/wp-content\/uploads\/2023\/10\/Brzoza01-300x169.jpg 300w, https:\/\/www.batalionparasol.pl\/slo4\/wp-content\/uploads\/2023\/10\/Brzoza01-768x432.jpg 768w, https:\/\/www.batalionparasol.pl\/slo4\/wp-content\/uploads\/2023\/10\/Brzoza01-360x203.jpg 360w, https:\/\/www.batalionparasol.pl\/slo4\/wp-content\/uploads\/2023\/10\/Brzoza01.jpg 1280w\" sizes=\"(max-width: 1024px) 100vw, 1024px\" \/><\/figure>\n\n\n\n<figure class=\"wp-block-image size-large\"><img decoding=\"async\" loading=\"lazy\" width=\"1024\" height=\"729\" src=\"https:\/\/www.batalionparasol.pl\/slo4\/wp-content\/uploads\/2023\/10\/swieto2307-1024x729.jpg\" alt=\"\" class=\"wp-image-6862\" srcset=\"https:\/\/www.batalionparasol.pl\/slo4\/wp-content\/uploads\/2023\/10\/swieto2307-1024x729.jpg 1024w, https:\/\/www.batalionparasol.pl\/slo4\/wp-content\/uploads\/2023\/10\/swieto2307-300x214.jpg 300w, https:\/\/www.batalionparasol.pl\/slo4\/wp-content\/uploads\/2023\/10\/swieto2307-768x547.jpg 768w, https:\/\/www.batalionparasol.pl\/slo4\/wp-content\/uploads\/2023\/10\/swieto2307-360x256.jpg 360w, https:\/\/www.batalionparasol.pl\/slo4\/wp-content\/uploads\/2023\/10\/swieto2307.jpg 1280w\" sizes=\"(max-width: 1024px) 100vw, 1024px\" \/><\/figure>\n\n\n\n<figure class=\"wp-block-image size-large\"><img decoding=\"async\" loading=\"lazy\" width=\"1024\" height=\"557\" src=\"https:\/\/www.batalionparasol.pl\/slo4\/wp-content\/uploads\/2023\/10\/swieto2308-1024x557.jpg\" alt=\"\" class=\"wp-image-6863\" srcset=\"https:\/\/www.batalionparasol.pl\/slo4\/wp-content\/uploads\/2023\/10\/swieto2308-1024x557.jpg 1024w, https:\/\/www.batalionparasol.pl\/slo4\/wp-content\/uploads\/2023\/10\/swieto2308-300x163.jpg 300w, https:\/\/www.batalionparasol.pl\/slo4\/wp-content\/uploads\/2023\/10\/swieto2308-768x418.jpg 768w, https:\/\/www.batalionparasol.pl\/slo4\/wp-content\/uploads\/2023\/10\/swieto2308-360x196.jpg 360w, https:\/\/www.batalionparasol.pl\/slo4\/wp-content\/uploads\/2023\/10\/swieto2308.jpg 1280w\" sizes=\"(max-width: 1024px) 100vw, 1024px\" \/><\/figure>\n\n\n\n<figure class=\"wp-block-image size-large\"><img decoding=\"async\" loading=\"lazy\" width=\"1024\" height=\"544\" src=\"https:\/\/www.batalionparasol.pl\/slo4\/wp-content\/uploads\/2023\/10\/swieto2309-1024x544.jpg\" alt=\"\" class=\"wp-image-6864\" srcset=\"https:\/\/www.batalionparasol.pl\/slo4\/wp-content\/uploads\/2023\/10\/swieto2309-1024x544.jpg 1024w, https:\/\/www.batalionparasol.pl\/slo4\/wp-content\/uploads\/2023\/10\/swieto2309-300x159.jpg 300w, https:\/\/www.batalionparasol.pl\/slo4\/wp-content\/uploads\/2023\/10\/swieto2309-768x408.jpg 768w, https:\/\/www.batalionparasol.pl\/slo4\/wp-content\/uploads\/2023\/10\/swieto2309-360x191.jpg 360w, https:\/\/www.batalionparasol.pl\/slo4\/wp-content\/uploads\/2023\/10\/swieto2309.jpg 1280w\" sizes=\"(max-width: 1024px) 100vw, 1024px\" \/><\/figure>\n\n\n\n<figure class=\"wp-block-image size-large\"><img decoding=\"async\" loading=\"lazy\" width=\"1024\" height=\"574\" src=\"https:\/\/www.batalionparasol.pl\/slo4\/wp-content\/uploads\/2023\/10\/swieto2305-1024x574.jpg\" alt=\"\" class=\"wp-image-6860\" srcset=\"https:\/\/www.batalionparasol.pl\/slo4\/wp-content\/uploads\/2023\/10\/swieto2305-1024x574.jpg 1024w, https:\/\/www.batalionparasol.pl\/slo4\/wp-content\/uploads\/2023\/10\/swieto2305-300x168.jpg 300w, https:\/\/www.batalionparasol.pl\/slo4\/wp-content\/uploads\/2023\/10\/swieto2305-768x431.jpg 768w, https:\/\/www.batalionparasol.pl\/slo4\/wp-content\/uploads\/2023\/10\/swieto2305-360x202.jpg 360w, https:\/\/www.batalionparasol.pl\/slo4\/wp-content\/uploads\/2023\/10\/swieto2305.jpg 1280w\" sizes=\"(max-width: 1024px) 100vw, 1024px\" \/><\/figure>\n\n\n\n<figure class=\"wp-block-image size-large\"><img decoding=\"async\" loading=\"lazy\" width=\"1024\" height=\"535\" src=\"https:\/\/www.batalionparasol.pl\/slo4\/wp-content\/uploads\/2023\/10\/swieto2310-1024x535.jpg\" alt=\"\" class=\"wp-image-6865\" srcset=\"https:\/\/www.batalionparasol.pl\/slo4\/wp-content\/uploads\/2023\/10\/swieto2310-1024x535.jpg 1024w, https:\/\/www.batalionparasol.pl\/slo4\/wp-content\/uploads\/2023\/10\/swieto2310-300x157.jpg 300w, https:\/\/www.batalionparasol.pl\/slo4\/wp-content\/uploads\/2023\/10\/swieto2310-768x401.jpg 768w, https:\/\/www.batalionparasol.pl\/slo4\/wp-content\/uploads\/2023\/10\/swieto2310-360x188.jpg 360w, https:\/\/www.batalionparasol.pl\/slo4\/wp-content\/uploads\/2023\/10\/swieto2310.jpg 1280w\" sizes=\"(max-width: 1024px) 100vw, 1024px\" \/><\/figure>\n\n\n\n<p>Transmisja i nag\u0142o\u015bnienie naszej uroczysto\u015bci zosta\u0142y zrealizowane z u\u017cyciem sprz\u0119tu audiowizualnego pozyskanego w ramach programu Laboratoria Przysz\u0142o\u015bci:<\/p>\n\n\n\n<p><a href=\"https:\/\/www.gov.pl\/web\/laboratoria\" target=\"_blank\" rel=\"noreferrer noopener\">https:\/\/www.gov.pl\/web\/laboratoria<\/a><\/p>\n\n\n\n<figure class=\"wp-block-image size-full\"><img decoding=\"async\" loading=\"lazy\" width=\"240\" height=\"256\" src=\"https:\/\/www.batalionparasol.pl\/slo4\/wp-content\/uploads\/2023\/02\/logo-LP240.jpg\" alt=\"\" class=\"wp-image-6508\"\/><\/figure>\n","protected":false},"excerpt":{"rendered":"<p>27 wrze\u015bnia 2023 r., w rocznic\u0119 utworzenia Polskiego Pa\u0144stwa Podziemnego, obchodzili\u015bmy uroczysto\u015b\u0107 \u015awi\u0119ta Szko\u0142y. Tradycyjnie po od\u015bpiewaniu Hymnu Szko\u0142y &#8222;Ch\u0142opcy silni jak stal&#8221; &#8211; piosenki szturmowej Batalionu AK &#8222;Parasol&#8221; odby\u0142o si\u0119 \u015blubowanie nowych uczni\u00f3w z klasy 7A szko\u0142y podstawowej oraz z czterech klas pierwszych liceum. Niezwyk\u0142ym go\u015bciem naszych uroczysto\u015bci by\u0142 <a href=\"https:\/\/www.batalionparasol.pl\/slo4\/swieto-szkoly-2023\/\" class=\"read-more\">(czytaj wi\u0119cej &#8230;)<\/a><\/p>\n","protected":false},"author":1,"featured_media":6859,"comment_status":"closed","ping_status":"open","sticky":false,"template":"","format":"standard","meta":[],"categories":[3],"tags":[],"_links":{"self":[{"href":"https:\/\/www.batalionparasol.pl\/slo4\/wp-json\/wp\/v2\/posts\/6867"}],"collection":[{"href":"https:\/\/www.batalionparasol.pl\/slo4\/wp-json\/wp\/v2\/posts"}],"about":[{"href":"https:\/\/www.batalionparasol.pl\/slo4\/wp-json\/wp\/v2\/types\/post"}],"author":[{"embeddable":true,"href":"https:\/\/www.batalionparasol.pl\/slo4\/wp-json\/wp\/v2\/users\/1"}],"replies":[{"embeddable":true,"href":"https:\/\/www.batalionparasol.pl\/slo4\/wp-json\/wp\/v2\/comments?post=6867"}],"version-history":[{"count":2,"href":"https:\/\/www.batalionparasol.pl\/slo4\/wp-json\/wp\/v2\/posts\/6867\/revisions"}],"predecessor-version":[{"id":6869,"href":"https:\/\/www.batalionparasol.pl\/slo4\/wp-json\/wp\/v2\/posts\/6867\/revisions\/6869"}],"wp:featuredmedia":[{"embeddable":true,"href":"https:\/\/www.batalionparasol.pl\/slo4\/wp-json\/wp\/v2\/media\/6859"}],"wp:attachment":[{"href":"https:\/\/www.batalionparasol.pl\/slo4\/wp-json\/wp\/v2\/media?parent=6867"}],"wp:term":[{"taxonomy":"category","embeddable":true,"href":"https:\/\/www.batalionparasol.pl\/slo4\/wp-json\/wp\/v2\/categories?post=6867"},{"taxonomy":"post_tag","embeddable":true,"href":"https:\/\/www.batalionparasol.pl\/slo4\/wp-json\/wp\/v2\/tags?post=6867"}],"curies":[{"name":"wp","href":"https:\/\/api.w.org\/{rel}","templated":true}]}}