{"id":6917,"date":"2023-10-30T10:05:26","date_gmt":"2023-10-30T09:05:26","guid":{"rendered":"https:\/\/www.batalionparasol.pl\/slo4\/?p=6917"},"modified":"2023-10-30T10:05:27","modified_gmt":"2023-10-30T09:05:27","slug":"miejsca-pamieci-w-lesie-kabackim","status":"publish","type":"post","link":"https:\/\/www.batalionparasol.pl\/slo4\/miejsca-pamieci-w-lesie-kabackim\/","title":{"rendered":"Miejsca pami\u0119ci w Lesie Kabackim"},"content":{"rendered":"\n<p>My o nich pami\u0119tamy. Tradycyjnie przed nadchodz\u0105cym \u015bwi\u0119tem Wszystkich \u015awi\u0119tych uczniowie z naszej szko\u0142y zapalili w Lesie Kabackim znicze na mogi\u0142ach mieszka\u0144c\u00f3w Warszawy zamordowanych w czasie okupacji niemieckiej oraz pod pomnikiem katastrofy lotniczej z 1987 roku.<\/p>\n\n\n\n<p>Dbanie o miejscami pami\u0119ci w Lesie Kabackim to od lat przywilej grupy rowerzyst\u00f3w pod opiek\u0105 profesora Jacka Kalaty.<\/p>\n\n\n\n<p><\/p>\n\n\n\n<figure class=\"wp-block-image size-large\"><img decoding=\"async\" loading=\"lazy\" width=\"1024\" height=\"585\" src=\"https:\/\/www.batalionparasol.pl\/slo4\/wp-content\/uploads\/2023\/10\/kabaty23-1-1024x585.jpg\" alt=\"\" class=\"wp-image-6918\" srcset=\"https:\/\/www.batalionparasol.pl\/slo4\/wp-content\/uploads\/2023\/10\/kabaty23-1-1024x585.jpg 1024w, https:\/\/www.batalionparasol.pl\/slo4\/wp-content\/uploads\/2023\/10\/kabaty23-1-300x171.jpg 300w, https:\/\/www.batalionparasol.pl\/slo4\/wp-content\/uploads\/2023\/10\/kabaty23-1-768x439.jpg 768w, https:\/\/www.batalionparasol.pl\/slo4\/wp-content\/uploads\/2023\/10\/kabaty23-1-360x206.jpg 360w, https:\/\/www.batalionparasol.pl\/slo4\/wp-content\/uploads\/2023\/10\/kabaty23-1.jpg 1280w\" sizes=\"(max-width: 1024px) 100vw, 1024px\" \/><\/figure>\n\n\n\n<figure class=\"wp-block-image size-large\"><img decoding=\"async\" loading=\"lazy\" width=\"1024\" height=\"613\" src=\"https:\/\/www.batalionparasol.pl\/slo4\/wp-content\/uploads\/2023\/10\/kabaty23-3-1024x613.jpg\" alt=\"\" class=\"wp-image-6920\" srcset=\"https:\/\/www.batalionparasol.pl\/slo4\/wp-content\/uploads\/2023\/10\/kabaty23-3-1024x613.jpg 1024w, https:\/\/www.batalionparasol.pl\/slo4\/wp-content\/uploads\/2023\/10\/kabaty23-3-300x180.jpg 300w, https:\/\/www.batalionparasol.pl\/slo4\/wp-content\/uploads\/2023\/10\/kabaty23-3-768x460.jpg 768w, https:\/\/www.batalionparasol.pl\/slo4\/wp-content\/uploads\/2023\/10\/kabaty23-3-360x215.jpg 360w, https:\/\/www.batalionparasol.pl\/slo4\/wp-content\/uploads\/2023\/10\/kabaty23-3.jpg 1280w\" sizes=\"(max-width: 1024px) 100vw, 1024px\" \/><\/figure>\n","protected":false},"excerpt":{"rendered":"<p>My o nich pami\u0119tamy. Tradycyjnie przed nadchodz\u0105cym \u015bwi\u0119tem Wszystkich \u015awi\u0119tych uczniowie z naszej szko\u0142y zapalili w Lesie Kabackim znicze na mogi\u0142ach mieszka\u0144c\u00f3w Warszawy zamordowanych w czasie okupacji niemieckiej oraz pod pomnikiem katastrofy lotniczej z 1987 roku. Dbanie o miejscami pami\u0119ci w Lesie Kabackim to od lat przywilej grupy rowerzyst\u00f3w pod <a href=\"https:\/\/www.batalionparasol.pl\/slo4\/miejsca-pamieci-w-lesie-kabackim\/\" class=\"read-more\">(czytaj wi\u0119cej &#8230;)<\/a><\/p>\n","protected":false},"author":1,"featured_media":6919,"comment_status":"closed","ping_status":"open","sticky":false,"template":"","format":"standard","meta":[],"categories":[3],"tags":[],"_links":{"self":[{"href":"https:\/\/www.batalionparasol.pl\/slo4\/wp-json\/wp\/v2\/posts\/6917"}],"collection":[{"href":"https:\/\/www.batalionparasol.pl\/slo4\/wp-json\/wp\/v2\/posts"}],"about":[{"href":"https:\/\/www.batalionparasol.pl\/slo4\/wp-json\/wp\/v2\/types\/post"}],"author":[{"embeddable":true,"href":"https:\/\/www.batalionparasol.pl\/slo4\/wp-json\/wp\/v2\/users\/1"}],"replies":[{"embeddable":true,"href":"https:\/\/www.batalionparasol.pl\/slo4\/wp-json\/wp\/v2\/comments?post=6917"}],"version-history":[{"count":1,"href":"https:\/\/www.batalionparasol.pl\/slo4\/wp-json\/wp\/v2\/posts\/6917\/revisions"}],"predecessor-version":[{"id":6921,"href":"https:\/\/www.batalionparasol.pl\/slo4\/wp-json\/wp\/v2\/posts\/6917\/revisions\/6921"}],"wp:featuredmedia":[{"embeddable":true,"href":"https:\/\/www.batalionparasol.pl\/slo4\/wp-json\/wp\/v2\/media\/6919"}],"wp:attachment":[{"href":"https:\/\/www.batalionparasol.pl\/slo4\/wp-json\/wp\/v2\/media?parent=6917"}],"wp:term":[{"taxonomy":"category","embeddable":true,"href":"https:\/\/www.batalionparasol.pl\/slo4\/wp-json\/wp\/v2\/categories?post=6917"},{"taxonomy":"post_tag","embeddable":true,"href":"https:\/\/www.batalionparasol.pl\/slo4\/wp-json\/wp\/v2\/tags?post=6917"}],"curies":[{"name":"wp","href":"https:\/\/api.w.org\/{rel}","templated":true}]}}