{"id":6932,"date":"2023-11-08T09:48:26","date_gmt":"2023-11-08T08:48:26","guid":{"rendered":"https:\/\/www.batalionparasol.pl\/slo4\/?p=6932"},"modified":"2023-11-15T09:53:15","modified_gmt":"2023-11-15T08:53:15","slug":"kwesta-na-powazkach","status":"publish","type":"post","link":"https:\/\/www.batalionparasol.pl\/slo4\/kwesta-na-powazkach\/","title":{"rendered":"Kwesta na Pow\u0105zkach"},"content":{"rendered":"\n<p>21 wolontariuszy z klas drugich liceum pomaga\u0142o w kwe\u015bcie na Pow\u0105zkach Wojskowych, zorganizowanej przez Fundacj\u0119 Niezawodni. W dwie soboty: 28 pa\u017adziernika i 4 listopada zbierali\u015bmy do puszek fundusze na renowacj\u0119 indywidualnych grob\u00f3w Patron\u00f3w naszej szko\u0142y &#8211; \u017bo\u0142nierzy Batalionu Armii Krajowej &#8222;Parasol&#8221;.<\/p>\n\n\n\n<figure class=\"wp-block-image size-large\"><img decoding=\"async\" loading=\"lazy\" width=\"1024\" height=\"615\" src=\"https:\/\/www.batalionparasol.pl\/slo4\/wp-content\/uploads\/2023\/11\/kwesta_04-11-2023-1024x615.jpg\" alt=\"\" class=\"wp-image-6923\" srcset=\"https:\/\/www.batalionparasol.pl\/slo4\/wp-content\/uploads\/2023\/11\/kwesta_04-11-2023-1024x615.jpg 1024w, https:\/\/www.batalionparasol.pl\/slo4\/wp-content\/uploads\/2023\/11\/kwesta_04-11-2023-300x180.jpg 300w, https:\/\/www.batalionparasol.pl\/slo4\/wp-content\/uploads\/2023\/11\/kwesta_04-11-2023-768x461.jpg 768w, https:\/\/www.batalionparasol.pl\/slo4\/wp-content\/uploads\/2023\/11\/kwesta_04-11-2023-360x216.jpg 360w, https:\/\/www.batalionparasol.pl\/slo4\/wp-content\/uploads\/2023\/11\/kwesta_04-11-2023.jpg 1280w\" sizes=\"(max-width: 1024px) 100vw, 1024px\" \/><figcaption class=\"wp-element-caption\">foto: Fundacja Niezawodni<\/figcaption><\/figure>\n","protected":false},"excerpt":{"rendered":"<p>21 wolontariuszy z klas drugich liceum pomaga\u0142o w kwe\u015bcie na Pow\u0105zkach Wojskowych, zorganizowanej przez Fundacj\u0119 Niezawodni. W dwie soboty: 28 pa\u017adziernika i 4 listopada zbierali\u015bmy do puszek fundusze na renowacj\u0119 indywidualnych grob\u00f3w Patron\u00f3w naszej szko\u0142y &#8211; \u017bo\u0142nierzy Batalionu Armii Krajowej &#8222;Parasol&#8221;.<\/p>\n","protected":false},"author":1,"featured_media":6924,"comment_status":"closed","ping_status":"open","sticky":false,"template":"","format":"standard","meta":[],"categories":[3],"tags":[],"_links":{"self":[{"href":"https:\/\/www.batalionparasol.pl\/slo4\/wp-json\/wp\/v2\/posts\/6932"}],"collection":[{"href":"https:\/\/www.batalionparasol.pl\/slo4\/wp-json\/wp\/v2\/posts"}],"about":[{"href":"https:\/\/www.batalionparasol.pl\/slo4\/wp-json\/wp\/v2\/types\/post"}],"author":[{"embeddable":true,"href":"https:\/\/www.batalionparasol.pl\/slo4\/wp-json\/wp\/v2\/users\/1"}],"replies":[{"embeddable":true,"href":"https:\/\/www.batalionparasol.pl\/slo4\/wp-json\/wp\/v2\/comments?post=6932"}],"version-history":[{"count":2,"href":"https:\/\/www.batalionparasol.pl\/slo4\/wp-json\/wp\/v2\/posts\/6932\/revisions"}],"predecessor-version":[{"id":6934,"href":"https:\/\/www.batalionparasol.pl\/slo4\/wp-json\/wp\/v2\/posts\/6932\/revisions\/6934"}],"wp:featuredmedia":[{"embeddable":true,"href":"https:\/\/www.batalionparasol.pl\/slo4\/wp-json\/wp\/v2\/media\/6924"}],"wp:attachment":[{"href":"https:\/\/www.batalionparasol.pl\/slo4\/wp-json\/wp\/v2\/media?parent=6932"}],"wp:term":[{"taxonomy":"category","embeddable":true,"href":"https:\/\/www.batalionparasol.pl\/slo4\/wp-json\/wp\/v2\/categories?post=6932"},{"taxonomy":"post_tag","embeddable":true,"href":"https:\/\/www.batalionparasol.pl\/slo4\/wp-json\/wp\/v2\/tags?post=6932"}],"curies":[{"name":"wp","href":"https:\/\/api.w.org\/{rel}","templated":true}]}}