{"id":6935,"date":"2023-11-12T09:53:20","date_gmt":"2023-11-12T08:53:20","guid":{"rendered":"https:\/\/www.batalionparasol.pl\/slo4\/?p=6935"},"modified":"2023-11-15T09:56:53","modified_gmt":"2023-11-15T08:56:53","slug":"wyprawa-do-madrytu","status":"publish","type":"post","link":"https:\/\/www.batalionparasol.pl\/slo4\/wyprawa-do-madrytu\/","title":{"rendered":"Wyprawa do Madrytu"},"content":{"rendered":"\n<p>Od 5 do 10 listopada grupa uczni\u00f3w z r\u00f3\u017cnych klas pod opiek\u0105 Pani Profesor Zofii Czarnieckiej-Rodzik i Pana Profesora Oskara Gil Ochoa wyjecha\u0142a na zaj\u0119cia j\u0119zykowo-kulturowe do Madrytu.<\/p>\n\n\n\n<p>Opr\u00f3cz konwersacji i zwiedzania stolicy Hiszpanii, podziwiali Muzeum Reina Sofia z dzie\u0142ami sztuki nowoczesnej, Plaza Mayor i Park Retiro. Inne obowi\u0105zkowe punkty wyjazdu to: lekcja flamenco, fiesta z okazji \u015bwi\u0119ta Virgen de la Almudena i oczywi\u015bcie wizyta na stadionie Santiago Bernabeu.<\/p>\n\n\n\n<p>Pomimo do\u015b\u0107 ch\u0142odnej pogody, jak na Hiszpani\u0119, nasi &#8222;Hawajczycy&#8221; wr\u00f3cili zadowoleni, pe\u0142ni mi\u0142ych wspomnie\u0144 i do\u015bwiadcze\u0144.<\/p>\n\n\n\n<p><\/p>\n\n\n\n<figure class=\"wp-block-image size-large\"><img decoding=\"async\" loading=\"lazy\" width=\"1024\" height=\"461\" src=\"https:\/\/www.batalionparasol.pl\/slo4\/wp-content\/uploads\/2023\/11\/madryt02-1024x461.jpg\" alt=\"\" class=\"wp-image-6926\" srcset=\"https:\/\/www.batalionparasol.pl\/slo4\/wp-content\/uploads\/2023\/11\/madryt02-1024x461.jpg 1024w, https:\/\/www.batalionparasol.pl\/slo4\/wp-content\/uploads\/2023\/11\/madryt02-300x135.jpg 300w, https:\/\/www.batalionparasol.pl\/slo4\/wp-content\/uploads\/2023\/11\/madryt02-768x346.jpg 768w, https:\/\/www.batalionparasol.pl\/slo4\/wp-content\/uploads\/2023\/11\/madryt02-360x162.jpg 360w, https:\/\/www.batalionparasol.pl\/slo4\/wp-content\/uploads\/2023\/11\/madryt02.jpg 1280w\" sizes=\"(max-width: 1024px) 100vw, 1024px\" \/><\/figure>\n\n\n\n<figure class=\"wp-block-image size-large\"><img decoding=\"async\" loading=\"lazy\" width=\"1024\" height=\"530\" src=\"https:\/\/www.batalionparasol.pl\/slo4\/wp-content\/uploads\/2023\/11\/madryt04-1024x530.jpg\" alt=\"\" class=\"wp-image-6928\" srcset=\"https:\/\/www.batalionparasol.pl\/slo4\/wp-content\/uploads\/2023\/11\/madryt04-1024x530.jpg 1024w, https:\/\/www.batalionparasol.pl\/slo4\/wp-content\/uploads\/2023\/11\/madryt04-300x155.jpg 300w, https:\/\/www.batalionparasol.pl\/slo4\/wp-content\/uploads\/2023\/11\/madryt04-768x397.jpg 768w, https:\/\/www.batalionparasol.pl\/slo4\/wp-content\/uploads\/2023\/11\/madryt04-360x186.jpg 360w, https:\/\/www.batalionparasol.pl\/slo4\/wp-content\/uploads\/2023\/11\/madryt04.jpg 1280w\" sizes=\"(max-width: 1024px) 100vw, 1024px\" \/><\/figure>\n\n\n\n<figure class=\"wp-block-image size-large\"><img decoding=\"async\" loading=\"lazy\" width=\"1024\" height=\"610\" src=\"https:\/\/www.batalionparasol.pl\/slo4\/wp-content\/uploads\/2023\/11\/madryt01-1024x610.jpg\" alt=\"\" class=\"wp-image-6925\" srcset=\"https:\/\/www.batalionparasol.pl\/slo4\/wp-content\/uploads\/2023\/11\/madryt01-1024x610.jpg 1024w, https:\/\/www.batalionparasol.pl\/slo4\/wp-content\/uploads\/2023\/11\/madryt01-300x179.jpg 300w, https:\/\/www.batalionparasol.pl\/slo4\/wp-content\/uploads\/2023\/11\/madryt01-768x457.jpg 768w, https:\/\/www.batalionparasol.pl\/slo4\/wp-content\/uploads\/2023\/11\/madryt01-360x214.jpg 360w, https:\/\/www.batalionparasol.pl\/slo4\/wp-content\/uploads\/2023\/11\/madryt01.jpg 1280w\" sizes=\"(max-width: 1024px) 100vw, 1024px\" \/><\/figure>\n\n\n\n<figure class=\"wp-block-image size-large\"><img decoding=\"async\" loading=\"lazy\" width=\"1024\" height=\"545\" src=\"https:\/\/www.batalionparasol.pl\/slo4\/wp-content\/uploads\/2023\/11\/madryt05-1024x545.jpg\" alt=\"\" class=\"wp-image-6929\" srcset=\"https:\/\/www.batalionparasol.pl\/slo4\/wp-content\/uploads\/2023\/11\/madryt05-1024x545.jpg 1024w, https:\/\/www.batalionparasol.pl\/slo4\/wp-content\/uploads\/2023\/11\/madryt05-300x160.jpg 300w, https:\/\/www.batalionparasol.pl\/slo4\/wp-content\/uploads\/2023\/11\/madryt05-768x409.jpg 768w, https:\/\/www.batalionparasol.pl\/slo4\/wp-content\/uploads\/2023\/11\/madryt05-360x192.jpg 360w, https:\/\/www.batalionparasol.pl\/slo4\/wp-content\/uploads\/2023\/11\/madryt05.jpg 1280w\" sizes=\"(max-width: 1024px) 100vw, 1024px\" \/><\/figure>\n","protected":false},"excerpt":{"rendered":"<p>Od 5 do 10 listopada grupa uczni\u00f3w z r\u00f3\u017cnych klas pod opiek\u0105 Pani Profesor Zofii Czarnieckiej-Rodzik i Pana Profesora Oskara Gil Ochoa wyjecha\u0142a na zaj\u0119cia j\u0119zykowo-kulturowe do Madrytu. Opr\u00f3cz konwersacji i zwiedzania stolicy Hiszpanii, podziwiali Muzeum Reina Sofia z dzie\u0142ami sztuki nowoczesnej, Plaza Mayor i Park Retiro. Inne obowi\u0105zkowe punkty <a href=\"https:\/\/www.batalionparasol.pl\/slo4\/wyprawa-do-madrytu\/\" class=\"read-more\">(czytaj wi\u0119cej &#8230;)<\/a><\/p>\n","protected":false},"author":1,"featured_media":6927,"comment_status":"closed","ping_status":"open","sticky":false,"template":"","format":"standard","meta":[],"categories":[45,3],"tags":[],"_links":{"self":[{"href":"https:\/\/www.batalionparasol.pl\/slo4\/wp-json\/wp\/v2\/posts\/6935"}],"collection":[{"href":"https:\/\/www.batalionparasol.pl\/slo4\/wp-json\/wp\/v2\/posts"}],"about":[{"href":"https:\/\/www.batalionparasol.pl\/slo4\/wp-json\/wp\/v2\/types\/post"}],"author":[{"embeddable":true,"href":"https:\/\/www.batalionparasol.pl\/slo4\/wp-json\/wp\/v2\/users\/1"}],"replies":[{"embeddable":true,"href":"https:\/\/www.batalionparasol.pl\/slo4\/wp-json\/wp\/v2\/comments?post=6935"}],"version-history":[{"count":1,"href":"https:\/\/www.batalionparasol.pl\/slo4\/wp-json\/wp\/v2\/posts\/6935\/revisions"}],"predecessor-version":[{"id":6936,"href":"https:\/\/www.batalionparasol.pl\/slo4\/wp-json\/wp\/v2\/posts\/6935\/revisions\/6936"}],"wp:featuredmedia":[{"embeddable":true,"href":"https:\/\/www.batalionparasol.pl\/slo4\/wp-json\/wp\/v2\/media\/6927"}],"wp:attachment":[{"href":"https:\/\/www.batalionparasol.pl\/slo4\/wp-json\/wp\/v2\/media?parent=6935"}],"wp:term":[{"taxonomy":"category","embeddable":true,"href":"https:\/\/www.batalionparasol.pl\/slo4\/wp-json\/wp\/v2\/categories?post=6935"},{"taxonomy":"post_tag","embeddable":true,"href":"https:\/\/www.batalionparasol.pl\/slo4\/wp-json\/wp\/v2\/tags?post=6935"}],"curies":[{"name":"wp","href":"https:\/\/api.w.org\/{rel}","templated":true}]}}