{"id":7115,"date":"2024-04-10T22:14:41","date_gmt":"2024-04-10T20:14:41","guid":{"rendered":"https:\/\/www.batalionparasol.pl\/slo4\/?p=7115"},"modified":"2024-04-10T22:16:16","modified_gmt":"2024-04-10T20:16:16","slug":"zapraszamy-kandydatow-do-klasy-vii-2","status":"publish","type":"post","link":"https:\/\/www.batalionparasol.pl\/slo4\/zapraszamy-kandydatow-do-klasy-vii-2\/","title":{"rendered":"Zapraszamy kandydat\u00f3w do klasy VII"},"content":{"rendered":"\n<p>Serdecznie zapraszamy na dzie\u0144 otwarty dla kandydat\u00f3w do VII klasy, kt\u00f3ry odb\u0119dzie si\u0119 stacjonarnie \u2013 w budynku naszej szko\u0142y, w <strong>poniedzia\u0142ek 15 kwietnia o godzinie 18:00<\/strong>.<\/p>\n\n\n\n<p>Podczas spotkania b\u0119dzie mo\u017cliwo\u015b\u0107 porozmawiania z dyrekcj\u0105 szko\u0142y i nauczycielami przedmiot\u00f3w egzaminacyjnych, a tak\u017ce zobaczenia sal lekcyjnych i spotkania z naszymi uczniami.<\/p>\n\n\n\n<p>Zapraszamy obecnych sz\u00f3stoklasist\u00f3w na dzie\u0144 otwarty 15 kwietnia w naszej szkole podstawowej &#8211; ulica Hawajska 14a, blisko stacji metro Imielin.<\/p>\n\n\n\n<p>Zobacz wi\u0119cej:<\/p>\n\n\n\n<p><strong>=> <\/strong><a href=\"https:\/\/www.batalionparasol.pl\/slo4\/kandydaci-do-vii-klasy\/\" data-type=\"page\" data-id=\"5256\"><strong>Informacje dla kandydat\u00f3w do klasy VII<\/strong><\/a><\/p>\n\n\n\n<p><strong><a href=\"https:\/\/www.batalionparasol.pl\/slo4\/plan-nauczania-w-klasach-vii-i-viii\/\" data-type=\"page\" data-id=\"5226\">=> Plan nauczania w klasach VII i VIII szko\u0142y podstawowej<\/a><\/strong><\/p>\n\n\n\n<p><strong><a href=\"https:\/\/www.batalionparasol.pl\/slo4\/osiagniecia\/\" data-type=\"page\" data-id=\"3655\">=> Osi\u0105gni\u0119cia uczni\u00f3w szko\u0142y podstawowej<\/a><\/strong><\/p>\n\n\n\n<p><\/p>\n","protected":false},"excerpt":{"rendered":"<p>Serdecznie zapraszamy na dzie\u0144 otwarty dla kandydat\u00f3w do VII klasy, kt\u00f3ry odb\u0119dzie si\u0119 stacjonarnie \u2013 w budynku naszej szko\u0142y, w poniedzia\u0142ek 15 kwietnia o godzinie 18:00. Podczas spotkania b\u0119dzie mo\u017cliwo\u015b\u0107 porozmawiania z dyrekcj\u0105 szko\u0142y i nauczycielami przedmiot\u00f3w egzaminacyjnych, a tak\u017ce zobaczenia sal lekcyjnych i spotkania z naszymi uczniami. Zapraszamy obecnych <a href=\"https:\/\/www.batalionparasol.pl\/slo4\/zapraszamy-kandydatow-do-klasy-vii-2\/\" class=\"read-more\">(czytaj wi\u0119cej &#8230;)<\/a><\/p>\n","protected":false},"author":1,"featured_media":6995,"comment_status":"closed","ping_status":"open","sticky":false,"template":"","format":"standard","meta":[],"categories":[3],"tags":[],"_links":{"self":[{"href":"https:\/\/www.batalionparasol.pl\/slo4\/wp-json\/wp\/v2\/posts\/7115"}],"collection":[{"href":"https:\/\/www.batalionparasol.pl\/slo4\/wp-json\/wp\/v2\/posts"}],"about":[{"href":"https:\/\/www.batalionparasol.pl\/slo4\/wp-json\/wp\/v2\/types\/post"}],"author":[{"embeddable":true,"href":"https:\/\/www.batalionparasol.pl\/slo4\/wp-json\/wp\/v2\/users\/1"}],"replies":[{"embeddable":true,"href":"https:\/\/www.batalionparasol.pl\/slo4\/wp-json\/wp\/v2\/comments?post=7115"}],"version-history":[{"count":4,"href":"https:\/\/www.batalionparasol.pl\/slo4\/wp-json\/wp\/v2\/posts\/7115\/revisions"}],"predecessor-version":[{"id":7119,"href":"https:\/\/www.batalionparasol.pl\/slo4\/wp-json\/wp\/v2\/posts\/7115\/revisions\/7119"}],"wp:featuredmedia":[{"embeddable":true,"href":"https:\/\/www.batalionparasol.pl\/slo4\/wp-json\/wp\/v2\/media\/6995"}],"wp:attachment":[{"href":"https:\/\/www.batalionparasol.pl\/slo4\/wp-json\/wp\/v2\/media?parent=7115"}],"wp:term":[{"taxonomy":"category","embeddable":true,"href":"https:\/\/www.batalionparasol.pl\/slo4\/wp-json\/wp\/v2\/categories?post=7115"},{"taxonomy":"post_tag","embeddable":true,"href":"https:\/\/www.batalionparasol.pl\/slo4\/wp-json\/wp\/v2\/tags?post=7115"}],"curies":[{"name":"wp","href":"https:\/\/api.w.org\/{rel}","templated":true}]}}