{"id":7313,"date":"2024-09-19T16:13:13","date_gmt":"2024-09-19T14:13:13","guid":{"rendered":"https:\/\/www.batalionparasol.pl\/slo4\/?p=7313"},"modified":"2025-07-09T11:25:28","modified_gmt":"2025-07-09T09:25:28","slug":"zapraszamy-na-35-lecie-liceum","status":"publish","type":"post","link":"https:\/\/www.batalionparasol.pl\/slo4\/zapraszamy-na-35-lecie-liceum\/","title":{"rendered":"Zapraszamy na 35-lecie liceum"},"content":{"rendered":"\n<p>Szanowni Pa\u0144stwo, w imieniu ca\u0142ej spo\u0142eczno\u015bci Hawajskiej mamy zaszczyt zaprosi\u0107 na uroczyste obchody jubileuszu 35-lecia naszego Liceum, kt\u00f3re odb\u0119d\u0105 si\u0119 w \u015brod\u0119 25 wrze\u015bnia 2024 r. w Ursynowskim Centrum Kultury Alternatywy w Warszawie.<\/p>\n<p>Program uroczysto\u015bci:<\/p>\n<p>9.00 Msza \u015aw. w ko\u015bciele p.w. \u015bw. Tomasza Aposto\u0142a ul. Dereniowa 12.<\/p>\n<p>10.15 Cz\u0119\u015b\u0107 oficjalna i artystyczna w Ursynowskim Centrum Kultury Alternatywy ul. Indiry Gandhi 9.<\/p>\n<p>12.00 Spotkanie w kuluarach UCK Alternatywy.<\/p>\n<p>B\u0119dzie nam bardzo mi\u0142o wsp\u00f3lnie z Pa\u0144stwem \u015bwi\u0119towa\u0107.<\/p>\n\n\n\n<figure class=\"wp-block-image size-full\"><img decoding=\"async\" loading=\"lazy\" width=\"593\" height=\"209\" src=\"https:\/\/www.batalionparasol.pl\/slo4\/wp-content\/uploads\/2024\/09\/zaproszenie35lat.png\" alt=\"\" class=\"wp-image-7314\" srcset=\"https:\/\/www.batalionparasol.pl\/slo4\/wp-content\/uploads\/2024\/09\/zaproszenie35lat.png 593w, https:\/\/www.batalionparasol.pl\/slo4\/wp-content\/uploads\/2024\/09\/zaproszenie35lat-300x106.png 300w, https:\/\/www.batalionparasol.pl\/slo4\/wp-content\/uploads\/2024\/09\/zaproszenie35lat-360x127.png 360w\" sizes=\"(max-width: 593px) 100vw, 593px\" \/><\/figure>\n","protected":false},"excerpt":{"rendered":"<p>Szanowni Pa\u0144stwo, w imieniu ca\u0142ej spo\u0142eczno\u015bci Hawajskiej mamy zaszczyt zaprosi\u0107 na uroczyste obchody jubileuszu 35-lecia naszego Liceum, kt\u00f3re odb\u0119d\u0105 si\u0119 w \u015brod\u0119 25 wrze\u015bnia 2024 r. w Ursynowskim Centrum Kultury Alternatywy w Warszawie. Program uroczysto\u015bci: 9.00 Msza \u015aw. w ko\u015bciele p.w. \u015bw. Tomasza Aposto\u0142a ul. Dereniowa 12. 10.15 Cz\u0119\u015b\u0107 oficjalna <a href=\"https:\/\/www.batalionparasol.pl\/slo4\/zapraszamy-na-35-lecie-liceum\/\" class=\"read-more\">(czytaj wi\u0119cej &#8230;)<\/a><\/p>\n","protected":false},"author":1,"featured_media":4463,"comment_status":"closed","ping_status":"open","sticky":false,"template":"","format":"standard","meta":[],"categories":[3],"tags":[77],"_links":{"self":[{"href":"https:\/\/www.batalionparasol.pl\/slo4\/wp-json\/wp\/v2\/posts\/7313"}],"collection":[{"href":"https:\/\/www.batalionparasol.pl\/slo4\/wp-json\/wp\/v2\/posts"}],"about":[{"href":"https:\/\/www.batalionparasol.pl\/slo4\/wp-json\/wp\/v2\/types\/post"}],"author":[{"embeddable":true,"href":"https:\/\/www.batalionparasol.pl\/slo4\/wp-json\/wp\/v2\/users\/1"}],"replies":[{"embeddable":true,"href":"https:\/\/www.batalionparasol.pl\/slo4\/wp-json\/wp\/v2\/comments?post=7313"}],"version-history":[{"count":4,"href":"https:\/\/www.batalionparasol.pl\/slo4\/wp-json\/wp\/v2\/posts\/7313\/revisions"}],"predecessor-version":[{"id":7318,"href":"https:\/\/www.batalionparasol.pl\/slo4\/wp-json\/wp\/v2\/posts\/7313\/revisions\/7318"}],"wp:featuredmedia":[{"embeddable":true,"href":"https:\/\/www.batalionparasol.pl\/slo4\/wp-json\/wp\/v2\/media\/4463"}],"wp:attachment":[{"href":"https:\/\/www.batalionparasol.pl\/slo4\/wp-json\/wp\/v2\/media?parent=7313"}],"wp:term":[{"taxonomy":"category","embeddable":true,"href":"https:\/\/www.batalionparasol.pl\/slo4\/wp-json\/wp\/v2\/categories?post=7313"},{"taxonomy":"post_tag","embeddable":true,"href":"https:\/\/www.batalionparasol.pl\/slo4\/wp-json\/wp\/v2\/tags?post=7313"}],"curies":[{"name":"wp","href":"https:\/\/api.w.org\/{rel}","templated":true}]}}