{"id":7536,"date":"2025-01-29T12:47:36","date_gmt":"2025-01-29T11:47:36","guid":{"rendered":"https:\/\/www.batalionparasol.pl\/slo4\/?p=7536"},"modified":"2025-06-30T14:36:03","modified_gmt":"2025-06-30T12:36:03","slug":"zebranie-z-rodzicami-3","status":"publish","type":"post","link":"https:\/\/www.batalionparasol.pl\/slo4\/zebranie-z-rodzicami-3\/","title":{"rendered":"Zebranie z rodzicami"},"content":{"rendered":"\n<p><strong>Serdecznie zapraszamy <\/strong>wszystkich rodzic\u00f3w naszych uczni\u00f3w na podsumowanie pierwszego semestru podczas zebra\u0144 z wychowawcami klas <strong>w \u015brod\u0119 29 stycznia<\/strong>.<\/p>\n<p>\u00a0<\/p>\n<h3>Przydzia\u0142 sal na zebranie:<\/h3>\n<p><strong>SZKO\u0141A PODSTAWOWA:<\/strong><\/p>\n<p>&#8211; godz. 17:00 klasa 7A \u2013 prof. Kamil Kropid\u0142owski \u2013 sala 6 (parter)<\/p>\n<p>&#8211; godz. 18:15 klasa 8A \u2013 prof. Kamil Kropid\u0142owski \u2013 sala 6 (parter)<\/p>\n<p>\u00a0<\/p>\n<p><strong>LICEUM: (zebrania rozpoczynaj\u0105 si\u0119 o godzinie 17:30)<\/strong><\/p>\n<p>1a \u2013 prof. Adam Hohendorff \u2013 sala 5 (parter)<\/p>\n<p>1c \u2013 prof. Beata \u017buchowska \u2013 sala 17 (I pi\u0119tro)<\/p>\n<p>2a \u2013 prof. Oscar Gil \u2013 aula (parter)<\/p>\n<p>2b \u2013 prof. Renata Fidos-Kowalewska \u2013 sala 2 (parter)<\/p>\n<p>2c \u2013 prof. Ewa Chondrokostas-Motel w sali 11 (I pi\u0119tro)<\/p>\n<p>2d \u2013 prof. Anna St\u0119pie\u0144 &#8211; sala 14 (I pi\u0119tro)<\/p>\n<p>3a \u2013 prof. \u0141ukasz Matysek \u2013 sala 15 (I pi\u0119tro)<\/p>\n<p>3b \u2013 prof. Przemys\u0142aw Zieli\u0144ski \u2013 sala 12 (I pi\u0119tro)<\/p>\n<p>3c \u2013 prof. Anna Kropiewnicka-Mielko \u2013 sala 9 (parter)<\/p>\n<p>3d \u2013 prof. Anna G\u00f3rska \u2013 sala 16 (I pi\u0119tro)<\/p>\n<p>4a \u2013 prof. Jacek Gorzkowski \u2013 sala 8 (parter)<\/p>\n<p>4b \u2013 prof. Zofia Czarniecka-Rodzik \u2013 sala 4 (parter) &#8211; od godziny 18:00<\/p>\n<p>4c \u2013 prof. Anna Markiewicz \u2013 sala 13 (I pi\u0119tro)<\/p>\n<p>\u00a0<\/p>\n<p>Zebranie rodzic\u00f3w uczni\u00f3w klasy 1b z powodu choroby wychowawczyni odb\u0119dzie si\u0119 w innym terminie po feriach zimowych.<\/p>\n<p>\u00a0<\/p>\n<p><span style=\"color: #ff0000;\">UWAGA: bardzo prosimy Pa\u0144stwa o <strong>nie parkowanie samochod\u00f3w w uliczkach dojazdowych<\/strong> do budynku szko\u0142y \u2013 nasi s\u0105siedzi s\u0105 bardzo wyczuleni na sytuacje blokowania dojazdu do osiedla, auta pozostawione w ci\u0105gu pieszo-jezdnym mi\u0119dzy blokami lub parkowanie na terenach zieleni. Prosimy o pozostawienie samochod\u00f3w na og\u00f3lnodost\u0119pnych parkingach wzd\u0142u\u017c Al. Komisji Edukacji Narodowej lub na parkingu przy supermarkecie naprzeciwko szko\u0142y.<\/span><\/p>\n<p>\u00a0<\/p>\n<p>\u00a0<\/p>\n","protected":false},"excerpt":{"rendered":"<p>Serdecznie zapraszamy wszystkich rodzic\u00f3w naszych uczni\u00f3w na podsumowanie pierwszego semestru podczas zebra\u0144 z wychowawcami klas w \u015brod\u0119 29 stycznia. \u00a0 Przydzia\u0142 sal na zebranie: SZKO\u0141A PODSTAWOWA: &#8211; godz. 17:00 klasa 7A \u2013 prof. Kamil Kropid\u0142owski \u2013 sala 6 (parter) &#8211; godz. 18:15 klasa 8A \u2013 prof. Kamil Kropid\u0142owski \u2013 sala <a href=\"https:\/\/www.batalionparasol.pl\/slo4\/zebranie-z-rodzicami-3\/\" class=\"read-more\">(czytaj wi\u0119cej &#8230;)<\/a><\/p>\n","protected":false},"author":1,"featured_media":3604,"comment_status":"closed","ping_status":"open","sticky":false,"template":"","format":"standard","meta":[],"categories":[3],"tags":[86],"_links":{"self":[{"href":"https:\/\/www.batalionparasol.pl\/slo4\/wp-json\/wp\/v2\/posts\/7536"}],"collection":[{"href":"https:\/\/www.batalionparasol.pl\/slo4\/wp-json\/wp\/v2\/posts"}],"about":[{"href":"https:\/\/www.batalionparasol.pl\/slo4\/wp-json\/wp\/v2\/types\/post"}],"author":[{"embeddable":true,"href":"https:\/\/www.batalionparasol.pl\/slo4\/wp-json\/wp\/v2\/users\/1"}],"replies":[{"embeddable":true,"href":"https:\/\/www.batalionparasol.pl\/slo4\/wp-json\/wp\/v2\/comments?post=7536"}],"version-history":[{"count":3,"href":"https:\/\/www.batalionparasol.pl\/slo4\/wp-json\/wp\/v2\/posts\/7536\/revisions"}],"predecessor-version":[{"id":7543,"href":"https:\/\/www.batalionparasol.pl\/slo4\/wp-json\/wp\/v2\/posts\/7536\/revisions\/7543"}],"wp:featuredmedia":[{"embeddable":true,"href":"https:\/\/www.batalionparasol.pl\/slo4\/wp-json\/wp\/v2\/media\/3604"}],"wp:attachment":[{"href":"https:\/\/www.batalionparasol.pl\/slo4\/wp-json\/wp\/v2\/media?parent=7536"}],"wp:term":[{"taxonomy":"category","embeddable":true,"href":"https:\/\/www.batalionparasol.pl\/slo4\/wp-json\/wp\/v2\/categories?post=7536"},{"taxonomy":"post_tag","embeddable":true,"href":"https:\/\/www.batalionparasol.pl\/slo4\/wp-json\/wp\/v2\/tags?post=7536"}],"curies":[{"name":"wp","href":"https:\/\/api.w.org\/{rel}","templated":true}]}}