{"id":7922,"date":"2025-09-03T11:41:24","date_gmt":"2025-09-03T09:41:24","guid":{"rendered":"https:\/\/www.batalionparasol.pl\/slo4\/?p=7922"},"modified":"2025-09-03T11:41:25","modified_gmt":"2025-09-03T09:41:25","slug":"zebranie-z-rodzicami-4","status":"publish","type":"post","link":"https:\/\/www.batalionparasol.pl\/slo4\/zebranie-z-rodzicami-4\/","title":{"rendered":"Zebranie z rodzicami"},"content":{"rendered":"\n<p>W \u015brod\u0119 3 wrze\u015bnia zapraszamy wszystkich rodzic\u00f3w naszych uczni\u00f3w na pierwsze w tym roku szkolnym zebranie z wychowawcami klas.\u00a0Jest to wa\u017cne zebranie organizacyjne, podczas kt\u00f3rego m.in. rodzice nowych uczni\u00f3w otrzymaj\u0105 kody dost\u0119pu do dziennika Librus; b\u0119d\u0105 te\u017c omawiane sprawy wyjazd\u00f3w klasowych oraz innych wydarze\u0144 zaplanowanych na ten rok szkolny.<\/p>\n<h3>Przydzia\u0142 sal na zebranie:<\/h3>\n<h4>SZKO\u0141A PODSTAWOWA:<\/h4>\n<p><strong>7A \u2013 godz. 18:30<\/strong> \u2013 p. Kamil Kropid\u0142owski \u2013 sala 6 (parter)<\/p>\n<p><strong>8A \u2013 godz. 17:15<\/strong> \u2013 p. Kamil Kropid\u0142owski \u2013 sala 6 (parter)<\/p>\n<h4>\u00a0<\/h4>\n<h4>LICEUM: (zebrania rozpoczynaj\u0105 si\u0119 o godzinie 17:30)<\/h4>\n<p>1a \u2013 p. Gra\u017cyna Rybka \u2013 sala 13 (I pi\u0119tro)<\/p>\n<p>1b \u2013 p. Hubert Nosek \u2013 sala 16 (I pi\u0119tro)<\/p>\n<p>1c \u2013 p. Robert Czy\u017cewski \u2013 sala 20 (I pi\u0119tro)<\/p>\n<p>2a \u2013 p. Adam Hohendorff \u2013 sala 5 (parter)<\/p>\n<p>2b \u2013 p. Anna Brysiak \u2013 sala 1 (parter)<\/p>\n<p>2c \u2013 p. Beata \u017buchowska \u2013 sala 17 (I pi\u0119tro)<\/p>\n<p>3a \u2013 p. Oscar Gil \u2013 sala 12 (I pi\u0119tro)<\/p>\n<p>3b \u2013 p. Renata Fidos-Kowalewska \u2013 sala 8 (parter)<\/p>\n<p>3c \u2013 p. Ewa Chondrokostas-Motel w sali 11 (I pi\u0119tro)<\/p>\n<p>3d \u2013 p. Anna St\u0119pie\u0144 &#8211; sala 14 (I pi\u0119tro)<\/p>\n<p><br \/>***<\/p>\n<p>Spotkanie w sprawie organizacji zaj\u0119\u0107 <strong>Edukacji zdrowotnej<\/strong> \u2013 oko\u0142o godziny 19:00 w sali 13 (I pi\u0119tro).<\/p>\n<p>***<\/p>\n<p>\u00a0<br \/><span style=\"text-decoration: underline;\"><strong>KLASY MATURALNE<\/strong><\/span><\/p>\n<h3>Klasy 4a i 4b:<\/h3>\n<p><strong>O godz. 17:30 w sali Auli<\/strong> spotkanie rodzic\u00f3w klas <strong>4a i 4b<\/strong> z dyrekcj\u0105 w sprawie egzamin\u00f3w maturalnych.<\/p>\n<p>Po spotkaniu w sprawie matur odb\u0119d\u0105 si\u0119 zebrania klasowe z wychowawcami:<\/p>\n<p>4a \u2013 p. \u0141ukasz Matysek \u2013 sala 2 (parter)<\/p>\n<p>4b \u2013 p. Przemys\u0142aw Zieli\u0144ski \u2013 Aula (parter)<\/p>\n<h3>Klasy 4c i 4d:<\/h3>\n<p>&#8211; o godz. 17:30 zebrania klasowe z wychowawcami:<\/p>\n<p>4c \u2013 p. Anna Kropiewnicka-Mielko \u2013 sala 9 (parter)<\/p>\n<p>4d \u2013 p. Anna G\u00f3rska \u2013 sala 4 (parter)<\/p>\n<p>&#8211; oko\u0142o <strong>godz. 18:15 w sali 4<\/strong> spotkanie rodzic\u00f3w klas <strong>4c i 4d<\/strong> z dyrekcj\u0105 w sprawie egzamin\u00f3w maturalnych.<\/p>\n<p>\u00a0<br \/>***<\/p>\n<p><span style=\"color: #ff0000;\">UWAGA: bardzo prosimy Pa\u0144stwa o <strong>nie parkowanie samochod\u00f3w<\/strong> w uliczkach dojazdowych do budynku szko\u0142y \u2013 nasi s\u0105siedzi s\u0105 bardzo wyczuleni na sytuacje blokowania dojazdu do osiedla, auta pozostawione w ci\u0105gu pieszo-jezdnym mi\u0119dzy blokami lub parkowanie na terenach zieleni. Prosimy o pozostawienie samochod\u00f3w na og\u00f3lnodost\u0119pnych parkingach wzd\u0142u\u017c Al. Komisji Edukacji Narodowej lub na parkingu przy supermarkecie naprzeciwko szko\u0142y.<\/span><\/p>\n<p>\u00a0<\/p>\n<p>\u00a0<\/p>\n","protected":false},"excerpt":{"rendered":"<p>W \u015brod\u0119 3 wrze\u015bnia zapraszamy wszystkich rodzic\u00f3w naszych uczni\u00f3w na pierwsze w tym roku szkolnym zebranie z wychowawcami klas.\u00a0Jest to wa\u017cne zebranie organizacyjne, podczas kt\u00f3rego m.in. rodzice nowych uczni\u00f3w otrzymaj\u0105 kody dost\u0119pu do dziennika Librus; b\u0119d\u0105 te\u017c omawiane sprawy wyjazd\u00f3w klasowych oraz innych wydarze\u0144 zaplanowanych na ten rok szkolny. Przydzia\u0142 <a href=\"https:\/\/www.batalionparasol.pl\/slo4\/zebranie-z-rodzicami-4\/\" class=\"read-more\">(czytaj wi\u0119cej &#8230;)<\/a><\/p>\n","protected":false},"author":1,"featured_media":3604,"comment_status":"closed","ping_status":"open","sticky":false,"template":"","format":"standard","meta":[],"categories":[3],"tags":[53,54,86],"_links":{"self":[{"href":"https:\/\/www.batalionparasol.pl\/slo4\/wp-json\/wp\/v2\/posts\/7922"}],"collection":[{"href":"https:\/\/www.batalionparasol.pl\/slo4\/wp-json\/wp\/v2\/posts"}],"about":[{"href":"https:\/\/www.batalionparasol.pl\/slo4\/wp-json\/wp\/v2\/types\/post"}],"author":[{"embeddable":true,"href":"https:\/\/www.batalionparasol.pl\/slo4\/wp-json\/wp\/v2\/users\/1"}],"replies":[{"embeddable":true,"href":"https:\/\/www.batalionparasol.pl\/slo4\/wp-json\/wp\/v2\/comments?post=7922"}],"version-history":[{"count":4,"href":"https:\/\/www.batalionparasol.pl\/slo4\/wp-json\/wp\/v2\/posts\/7922\/revisions"}],"predecessor-version":[{"id":7926,"href":"https:\/\/www.batalionparasol.pl\/slo4\/wp-json\/wp\/v2\/posts\/7922\/revisions\/7926"}],"wp:featuredmedia":[{"embeddable":true,"href":"https:\/\/www.batalionparasol.pl\/slo4\/wp-json\/wp\/v2\/media\/3604"}],"wp:attachment":[{"href":"https:\/\/www.batalionparasol.pl\/slo4\/wp-json\/wp\/v2\/media?parent=7922"}],"wp:term":[{"taxonomy":"category","embeddable":true,"href":"https:\/\/www.batalionparasol.pl\/slo4\/wp-json\/wp\/v2\/categories?post=7922"},{"taxonomy":"post_tag","embeddable":true,"href":"https:\/\/www.batalionparasol.pl\/slo4\/wp-json\/wp\/v2\/tags?post=7922"}],"curies":[{"name":"wp","href":"https:\/\/api.w.org\/{rel}","templated":true}]}}