{"id":8258,"date":"2026-02-15T09:43:03","date_gmt":"2026-02-15T08:43:03","guid":{"rendered":"https:\/\/www.batalionparasol.pl\/slo4\/?p=8258"},"modified":"2026-03-02T10:36:36","modified_gmt":"2026-03-02T09:36:36","slug":"licealisci-w-olimpiadach-przedmiotowych","status":"publish","type":"post","link":"https:\/\/www.batalionparasol.pl\/slo4\/licealisci-w-olimpiadach-przedmiotowych\/","title":{"rendered":"Liceali\u015bci w olimpiadach przedmiotowych"},"content":{"rendered":"\n<p>W tym roku szkolnym wyj\u0105tkowo du\u017co naszych licealist\u00f3w postanowi\u0142o spr\u00f3bowa\u0107 swoich si\u0142 w olimpiadach przedmiotowych. Znamy ju\u017c wyniki etap\u00f3w okr\u0119gowych (zawod\u00f3w II stopnia) cz\u0119\u015bci olimpiad, wi\u0119c warto przedstawi\u0107 kr\u00f3tkie podsumowanie aktualnych osi\u0105gni\u0119\u0107:<\/p>\n\n\n\n<p><strong>Olimpiada Wiedzy Ekonomicznej<\/strong> \u2013 Maja z klasy 3d jest ju\u017c w finale og\u00f3lnopolskim, kt\u00f3ry odb\u0119dzie si\u0119 8-9 kwietnia.<\/p>\n\n\n\n<p><strong>Olimpiada Biologiczna<\/strong> \u2013 Miko\u0142aj z klasy 2a czeka jeszcze na oficjalne wyniki po II etapie (b\u0119d\u0105 opublikowane do 7 marca).<\/p>\n\n\n\n<p><strong>Olimpiada Fizyczna <\/strong>\u2013 Janek z 3b i Kacper z 4b czekaj\u0105 na oficjalne wyniki po II etapie (og\u0142oszenie do 15 marca).<\/p>\n\n\n\n<p><strong>Olimpiada Informatyczna<\/strong> \u2013 Kacper z 4b i Mateusz z 4d s\u0105 zakwalifikowani do II etapu, kt\u00f3ry odb\u0119dzie si\u0119 w dniach 17-19 lutego.<\/p>\n\n\n\n<p><strong>Olimpiada Przedsi\u0119biorczo\u015bci \u2013 Biznes i zarz\u0105dzanie<\/strong> \u2013 Maja z 3d jest w II etapie olimpiady (6 marca w Szkole G\u0142\u00f3wnej Handlowej).<\/p>\n\n\n\n<p><strong>Olimpiada Geograficzna<\/strong> \u2013 Pola z 3c i Kacper z 4c startowali w II etapie.<\/p>\n\n\n\n<p><strong>Olimpiada Wiedzy o Finansach<\/strong> \u2013 Maja z 3d startowa\u0142a w II etapie.<\/p>\n\n\n\n<p><strong>Olimpiada Wiedzy o Polsce i \u015awiecie Wsp\u00f3\u0142czesnym<\/strong> \u2013 Basia z 2c, Ignacy z 3a, Janek i Oskar z 3c, Krzysztof i Maksymilian z 3d oraz Piotr z 4a startowali w II etapie.<\/p>\n\n\n\n<p><\/p>\n","protected":false},"excerpt":{"rendered":"<p>W tym roku szkolnym wyj\u0105tkowo du\u017co naszych licealist\u00f3w postanowi\u0142o spr\u00f3bowa\u0107 swoich si\u0142 w olimpiadach przedmiotowych. Znamy ju\u017c wyniki etap\u00f3w okr\u0119gowych (zawod\u00f3w II stopnia) cz\u0119\u015bci olimpiad, wi\u0119c warto przedstawi\u0107 kr\u00f3tkie podsumowanie aktualnych osi\u0105gni\u0119\u0107: Olimpiada Wiedzy Ekonomicznej \u2013 Maja z klasy 3d jest ju\u017c w finale og\u00f3lnopolskim, kt\u00f3ry odb\u0119dzie si\u0119 8-9 kwietnia. <a href=\"https:\/\/www.batalionparasol.pl\/slo4\/licealisci-w-olimpiadach-przedmiotowych\/\" class=\"read-more\">(czytaj wi\u0119cej &#8230;)<\/a><\/p>\n","protected":false},"author":1,"featured_media":6207,"comment_status":"closed","ping_status":"open","sticky":false,"template":"","format":"standard","meta":[],"categories":[3],"tags":[55,53,79],"_links":{"self":[{"href":"https:\/\/www.batalionparasol.pl\/slo4\/wp-json\/wp\/v2\/posts\/8258"}],"collection":[{"href":"https:\/\/www.batalionparasol.pl\/slo4\/wp-json\/wp\/v2\/posts"}],"about":[{"href":"https:\/\/www.batalionparasol.pl\/slo4\/wp-json\/wp\/v2\/types\/post"}],"author":[{"embeddable":true,"href":"https:\/\/www.batalionparasol.pl\/slo4\/wp-json\/wp\/v2\/users\/1"}],"replies":[{"embeddable":true,"href":"https:\/\/www.batalionparasol.pl\/slo4\/wp-json\/wp\/v2\/comments?post=8258"}],"version-history":[{"count":3,"href":"https:\/\/www.batalionparasol.pl\/slo4\/wp-json\/wp\/v2\/posts\/8258\/revisions"}],"predecessor-version":[{"id":8308,"href":"https:\/\/www.batalionparasol.pl\/slo4\/wp-json\/wp\/v2\/posts\/8258\/revisions\/8308"}],"wp:featuredmedia":[{"embeddable":true,"href":"https:\/\/www.batalionparasol.pl\/slo4\/wp-json\/wp\/v2\/media\/6207"}],"wp:attachment":[{"href":"https:\/\/www.batalionparasol.pl\/slo4\/wp-json\/wp\/v2\/media?parent=8258"}],"wp:term":[{"taxonomy":"category","embeddable":true,"href":"https:\/\/www.batalionparasol.pl\/slo4\/wp-json\/wp\/v2\/categories?post=8258"},{"taxonomy":"post_tag","embeddable":true,"href":"https:\/\/www.batalionparasol.pl\/slo4\/wp-json\/wp\/v2\/tags?post=8258"}],"curies":[{"name":"wp","href":"https:\/\/api.w.org\/{rel}","templated":true}]}}